{"id":81091,"date":"2019-01-14T19:08:33","date_gmt":"2019-01-14T22:08:33","guid":{"rendered":"http:\/\/www.caririemacao.com\/1\/?p=81091"},"modified":"2019-01-14T19:08:33","modified_gmt":"2019-01-14T22:08:33","slug":"ex-policial-e-preso-com-r-10-mil-em-notas-falsas-em-joao-pessoa","status":"publish","type":"post","link":"https:\/\/www.caririemacao.com\/1\/2019\/01\/14\/ex-policial-e-preso-com-r-10-mil-em-notas-falsas-em-joao-pessoa\/","title":{"rendered":"Ex-policial \u00e9 preso com R$ 10 mil em notas falsas em Jo\u00e3o Pessoa"},"content":{"rendered":"<p>O Grupo de Opera\u00e7\u00f5es Especiais (GOE) da Pol\u00edcia Civil da Para\u00edba prendeu, no in\u00edcio da tarde desta segunda-feira (14), um ex-policial militar com R$ 10 mil em notas falsas de R$ 100,00.<\/p>\n<p>A pris\u00e3o de C\u00edcero Avelino dos Santos, 52 anos, aconteceu no bairro Ernani S\u00e1tiro, em Jo\u00e3o Pessoa, quando ele transportava o dinheiro falso dentro de uma mochila.<\/p>\n<p>O investigado estava pilotando uma moto quando foi abordado pelos policiais. C\u00edcero Avelino foi exclu\u00eddo da Pol\u00edcia Militar em 1991, e, segundo disse, o motivo foi por ter atirado em uma pessoa.<\/p>\n<p>C\u00edcero Avelino come\u00e7ou a ser monitorado pelos policiais do Grupo de Opera\u00e7\u00f5es Especiais h\u00e1 uma semana, ap\u00f3s uma den\u00fancia an\u00f4nima.<\/p>\n<p>\u201cRecebemos a informa\u00e7\u00e3o de venda de notas falsas e come\u00e7amos a investiga\u00e7\u00e3o. C\u00edcero foi identificado e no in\u00edcio da tarde desta segunda-feira observamos quando ele passou por uma rua em atitude suspeita, decidimos abord\u00e1-lo e encontramos as c\u00e9dulas falsas. Ele n\u00e3o revelou a origem do material, falou que comprou para revender durante as festas na Capital e no Carnaval. As notas apresentam uma falsifica\u00e7\u00e3o grosseira, mas podiam representar preju\u00edzo para os comerciantes que n\u00e3o t\u00eam o h\u00e1bito de examinar as c\u00e9dulas que recebem\u201d, disse o delegado Joames Oliveira.<\/p>\n<p>Os levantamentos policiais mostram que C\u00edcero Avelino j\u00e1 responde a processos por crimes de estelionato na Para\u00edba e no Rio de Janeiro, furto e apropria\u00e7\u00e3o ind\u00e9bita.<\/p>\n<p>H\u00e1 quatro meses ele foi preso com notas falsas, mas recebeu a liberdade provis\u00f3ria. Agora C\u00edcero vai responder por adquirir moeda falsa.<\/p>\n<p>A pena vai de 3 a 12 anos de reclus\u00e3o. Por ser um crime federal, o investigado ser\u00e1 apresentado \u00e0 Justi\u00e7a Federal e as c\u00e9dulas falsas ser\u00e3o encaminhadas para o Instituto de Pol\u00edcia Cientifica da Para\u00edba (IPC), onde ser\u00e3o periciadas.<\/p>\n<p>A pol\u00edcia agora vai concentrar os trabalhos na identifica\u00e7\u00e3o dos respons\u00e1veis pela fabrica\u00e7\u00e3o das notas falsas e pela distribui\u00e7\u00e3o delas.<\/p>\n<p>&nbsp;<\/p>\n<p>Secom-PB<\/p>\n","protected":false},"excerpt":{"rendered":"<p>O Grupo de Opera\u00e7\u00f5es Especiais (GOE) da Pol\u00edcia Civil da Para\u00edba prendeu, no in\u00edcio da tarde desta segunda-feira (14), um ex-policial militar com R$ 10&hellip; <\/p>\n","protected":false},"author":1,"featured_media":81092,"comment_status":"closed","ping_status":"closed","sticky":false,"template":"","format":"standard","meta":{"sfsi_plus_gutenberg_text_before_share":"","sfsi_plus_gutenberg_show_text_before_share":"","sfsi_plus_gutenberg_icon_type":"","sfsi_plus_gutenberg_icon_alignemt":"","sfsi_plus_gutenburg_max_per_row":"","footnotes":""},"categories":[12],"tags":[],"class_list":["post-81091","post","type-post","status-publish","format-standard","has-post-thumbnail","hentry","category-policia"],"_links":{"self":[{"href":"https:\/\/www.caririemacao.com\/1\/wp-json\/wp\/v2\/posts\/81091","targetHints":{"allow":["GET"]}}],"collection":[{"href":"https:\/\/www.caririemacao.com\/1\/wp-json\/wp\/v2\/posts"}],"about":[{"href":"https:\/\/www.caririemacao.com\/1\/wp-json\/wp\/v2\/types\/post"}],"author":[{"embeddable":true,"href":"https:\/\/www.caririemacao.com\/1\/wp-json\/wp\/v2\/users\/1"}],"replies":[{"embeddable":true,"href":"https:\/\/www.caririemacao.com\/1\/wp-json\/wp\/v2\/comments?post=81091"}],"version-history":[{"count":1,"href":"https:\/\/www.caririemacao.com\/1\/wp-json\/wp\/v2\/posts\/81091\/revisions"}],"predecessor-version":[{"id":81093,"href":"https:\/\/www.caririemacao.com\/1\/wp-json\/wp\/v2\/posts\/81091\/revisions\/81093"}],"wp:featuredmedia":[{"embeddable":true,"href":"https:\/\/www.caririemacao.com\/1\/wp-json\/wp\/v2\/media\/81092"}],"wp:attachment":[{"href":"https:\/\/www.caririemacao.com\/1\/wp-json\/wp\/v2\/media?parent=81091"}],"wp:term":[{"taxonomy":"category","embeddable":true,"href":"https:\/\/www.caririemacao.com\/1\/wp-json\/wp\/v2\/categories?post=81091"},{"taxonomy":"post_tag","embeddable":true,"href":"https:\/\/www.caririemacao.com\/1\/wp-json\/wp\/v2\/tags?post=81091"}],"curies":[{"name":"wp","href":"https:\/\/api.w.org\/{rel}","templated":true}]}}