{"id":81100,"date":"2019-01-14T19:12:28","date_gmt":"2019-01-14T22:12:28","guid":{"rendered":"http:\/\/www.caririemacao.com\/1\/?p=81100"},"modified":"2019-01-14T19:12:28","modified_gmt":"2019-01-14T22:12:28","slug":"ricardo-toma-posse-como-presidente-da-fundacao-joao-mangabeira-nesta-quarta","status":"publish","type":"post","link":"https:\/\/www.caririemacao.com\/1\/2019\/01\/14\/ricardo-toma-posse-como-presidente-da-fundacao-joao-mangabeira-nesta-quarta\/","title":{"rendered":"Ricardo toma posse como presidente da Funda\u00e7\u00e3o Jo\u00e3o Mangabeira nesta quarta"},"content":{"rendered":"<p>O ex-governador da Para\u00edba, Ricardo Coutinho (PSB), ser\u00e1 empossado como presidente da Funda\u00e7\u00e3o Jo\u00e3o Mangabeira (FJM) nesta quarta-feira (16). O evento acontece na sede da entidade, em Bras\u00edlia, \u00e0s 10h.<\/p>\n<p>Na ocasi\u00e3o, tamb\u00e9m ser\u00e3o empossados o vice-presidente da FJM, Alexandre Navarro, e o diretor de Estudos e Pesquisas, Carlos Amastha.<\/p>\n<p><strong>Sobre a FJM<\/strong><\/p>\n<p>A Funda\u00e7\u00e3o Jo\u00e3o Mangabeira (FJM), institu\u00edda pelo Partido Socialista Brasileiro (PSB) em 1990, \u00e9 uma entidade sem fins lucrativos e tem como finalidades a forma\u00e7\u00e3o pol\u00edtica socialista e a elabora\u00e7\u00e3o de pol\u00edticas p\u00fablicas.<\/p>\n","protected":false},"excerpt":{"rendered":"<p>O ex-governador da Para\u00edba, Ricardo Coutinho (PSB), ser\u00e1 empossado como presidente da Funda\u00e7\u00e3o Jo\u00e3o Mangabeira (FJM) nesta quarta-feira (16). O evento acontece na sede da&hellip; <\/p>\n","protected":false},"author":1,"featured_media":69096,"comment_status":"closed","ping_status":"closed","sticky":false,"template":"","format":"standard","meta":{"sfsi_plus_gutenberg_text_before_share":"","sfsi_plus_gutenberg_show_text_before_share":"","sfsi_plus_gutenberg_icon_type":"","sfsi_plus_gutenberg_icon_alignemt":"","sfsi_plus_gutenburg_max_per_row":"","footnotes":""},"categories":[11],"tags":[],"class_list":["post-81100","post","type-post","status-publish","format-standard","has-post-thumbnail","hentry","category-politica"],"_links":{"self":[{"href":"https:\/\/www.caririemacao.com\/1\/wp-json\/wp\/v2\/posts\/81100","targetHints":{"allow":["GET"]}}],"collection":[{"href":"https:\/\/www.caririemacao.com\/1\/wp-json\/wp\/v2\/posts"}],"about":[{"href":"https:\/\/www.caririemacao.com\/1\/wp-json\/wp\/v2\/types\/post"}],"author":[{"embeddable":true,"href":"https:\/\/www.caririemacao.com\/1\/wp-json\/wp\/v2\/users\/1"}],"replies":[{"embeddable":true,"href":"https:\/\/www.caririemacao.com\/1\/wp-json\/wp\/v2\/comments?post=81100"}],"version-history":[{"count":1,"href":"https:\/\/www.caririemacao.com\/1\/wp-json\/wp\/v2\/posts\/81100\/revisions"}],"predecessor-version":[{"id":81101,"href":"https:\/\/www.caririemacao.com\/1\/wp-json\/wp\/v2\/posts\/81100\/revisions\/81101"}],"wp:featuredmedia":[{"embeddable":true,"href":"https:\/\/www.caririemacao.com\/1\/wp-json\/wp\/v2\/media\/69096"}],"wp:attachment":[{"href":"https:\/\/www.caririemacao.com\/1\/wp-json\/wp\/v2\/media?parent=81100"}],"wp:term":[{"taxonomy":"category","embeddable":true,"href":"https:\/\/www.caririemacao.com\/1\/wp-json\/wp\/v2\/categories?post=81100"},{"taxonomy":"post_tag","embeddable":true,"href":"https:\/\/www.caririemacao.com\/1\/wp-json\/wp\/v2\/tags?post=81100"}],"curies":[{"name":"wp","href":"https:\/\/api.w.org\/{rel}","templated":true}]}}