{"id":81102,"date":"2019-01-14T19:16:42","date_gmt":"2019-01-14T22:16:42","guid":{"rendered":"http:\/\/www.caririemacao.com\/1\/?p=81102"},"modified":"2019-01-14T19:16:42","modified_gmt":"2019-01-14T22:16:42","slug":"micros-e-pequenas-empresas-da-pb-tem-ate-31-de-janeiro-para-optar-pelo-simples-nacional","status":"publish","type":"post","link":"https:\/\/www.caririemacao.com\/1\/2019\/01\/14\/micros-e-pequenas-empresas-da-pb-tem-ate-31-de-janeiro-para-optar-pelo-simples-nacional\/","title":{"rendered":"Micros e pequenas empresas da PB t\u00eam at\u00e9 31 de janeiro para optar pelo Simples Nacional"},"content":{"rendered":"<p>O prazo para as micros e pequenas empresas paraibanas optarem pelo Simples Nacional ser\u00e1 encerrado no dia 31 de janeiro. A solicita\u00e7\u00e3o deve ser realizada no Portal do Simples Nacional por meio do link <a href=\"http:\/\/www8.receita.fazenda.gov.br\/SimplesNacional\/\" data-saferedirecturl=\"https:\/\/www.google.com\/url?q=http:\/\/www8.receita.fazenda.gov.br\/SimplesNacional\/&amp;source=gmail&amp;ust=1547577390197000&amp;usg=AFQjCNFdnSJ0MNoPIqIFn_cTIq-DAMUA-Q\">http:\/\/www8.receita.fazenda.gov.br\/SimplesNacional\/<\/a> clicando em \u201cSimples Nacional \u2013 Servi\u00e7os\u201d, \u201cSolicita\u00e7\u00e3o de Op\u00e7\u00e3o pelo Simples Nacional\u201d.<\/p>\n<p>A Receita Estadual orienta as empresas que pretendem optar pelo Simples Nacional para que fa\u00e7am antes uma consulta pr\u00e9via por meio do portal da SER-PB ou nas reparti\u00e7\u00f5es fiscais do Estado para saber se h\u00e1 alguma pend\u00eancia na inscri\u00e7\u00e3o estadual at\u00e9 o dia 31 de janeiro e assim evitar indeferimentos no ato da op\u00e7\u00e3o do Simples Nacional. Pend\u00eancias regularizadas a partir de 1\u00ba de fevereiro de 2019 n\u00e3o poder\u00e3o reverter o indeferimento de op\u00e7\u00e3o. Se deferida, o regime simplificado de tributa\u00e7\u00e3o vai considerar a data retroativa de 1\u00ba de janeiro.<\/p>\n<p><strong>Consulta da situa\u00e7\u00e3o da empresa junto \u00e0 SER-PB<\/strong><\/p>\n<p>As empresas com inscri\u00e7\u00e3o estadual na Para\u00edba podem fazer consultas na p\u00e1gina da SER\/PB e saber se existe alguma pend\u00eancia impeditiva por meio do link <a href=\"https:\/\/www.receita.pb.gov.br\/ser\/servirtual\/simples-nacional\/consultar-regularidade\" data-saferedirecturl=\"https:\/\/www.google.com\/url?q=https:\/\/www.receita.pb.gov.br\/ser\/servirtual\/simples-nacional\/consultar-regularidade&amp;source=gmail&amp;ust=1547577390198000&amp;usg=AFQjCNFIHX44Gqr4hPOfc9-TLkN4epdBww\">https:\/\/www.receita.pb.gov.br\/ser\/servirtual\/simples-nacional\/consultar-regularidade<\/a><\/p>\n<p>As empresas que tamb\u00e9m foram exclu\u00eddas no ano passado do Simples Nacional, devido \u00e0s pend\u00eancias n\u00e3o regularizadas no exerc\u00edcio de 2018, poder\u00e3o voltar ao regime, desde que fa\u00e7am a regulariza\u00e7\u00e3o em uma reparti\u00e7\u00e3o fiscal mais pr\u00f3xima de seu domic\u00edlio at\u00e9 o dia 31 de janeiro.<\/p>\n<p>A an\u00e1lise para deferimento \u00e9 feita em conjunto pela Uni\u00e3o, Estados e Munic\u00edpios, que v\u00e3o levar em considera\u00e7\u00e3o a exist\u00eancia de pend\u00eancias cadastrais e\/ou fiscais da empresa solicitante. Deferida a op\u00e7\u00e3o pelo Simples Nacional, o empres\u00e1rio deve efetuar e transmitir o c\u00e1lculo dos impostos mensalmente pelo aplicativo PGDAS-D, tamb\u00e9m disponibilizado no site da Receita. O prazo de vencimento do documento de arrecada\u00e7\u00e3o \u00e9 no dia 20 do m\u00eas subsequente.<\/p>\n<p><strong>Menor carga tribut\u00e1ria<\/strong><\/p>\n<p>Uma das vantagens do Simples Nacional para micro e pequenas empresas \u00e9 o recolhimento unificado de tributos das tr\u00eas esferas (Uni\u00e3o, Estados e munic\u00edpios). Al\u00e9m de simplificar o c\u00e1lculo de todos os tributos, a op\u00e7\u00e3o pelo Simples Nacional representa uma menor carga tribut\u00e1ria. O Governo da Para\u00edba publicou a Lei 11.031 no Di\u00e1rio Oficial do Estado de 13 de dezembro de 2017, que incluiu 23.978 microempresas e empresas de pequeno porte optantes do Simples Nacional com redu\u00e7\u00e3o na base de c\u00e1lculo do ICMS, o que beneficiou cerca de 90% das microempresas do Simples Nacional com inscri\u00e7\u00e3o estadual.<\/p>\n<p><strong>O que \u00e9 Simples Nacional<\/strong><\/p>\n<p>Previsto na Lei Complementar n\u00ba 123 de 2006, o Simples Nacional \u00e9 um regime compartilhado de arrecada\u00e7\u00e3o, cobran\u00e7a e fiscaliza\u00e7\u00e3o de tributos federais, estaduais e municipais aplic\u00e1vel \u00e0s micros e pequenas empresas. Desde janeiro de 2018, o limite de faturamento anual para enquadramento de empresas de pequeno porte \u00e9 de R$ 4,8 milh\u00f5es para tributos federais e de R$ 3,6 milh\u00f5es para os tributos estadual (ICMS) e municipal (ISS), enquanto o Microempreendedor Individual (MEI) poder\u00e1 faturar anualmente at\u00e9 R$ 81 mil.<\/p>\n","protected":false},"excerpt":{"rendered":"<p>O prazo para as micros e pequenas empresas paraibanas optarem pelo Simples Nacional ser\u00e1 encerrado no dia 31 de janeiro. A solicita\u00e7\u00e3o deve ser realizada&hellip; <\/p>\n","protected":false},"author":1,"featured_media":81103,"comment_status":"closed","ping_status":"closed","sticky":false,"template":"","format":"standard","meta":{"sfsi_plus_gutenberg_text_before_share":"","sfsi_plus_gutenberg_show_text_before_share":"","sfsi_plus_gutenberg_icon_type":"","sfsi_plus_gutenberg_icon_alignemt":"","sfsi_plus_gutenburg_max_per_row":"","footnotes":""},"categories":[2],"tags":[],"class_list":["post-81102","post","type-post","status-publish","format-standard","has-post-thumbnail","hentry","category-geral"],"_links":{"self":[{"href":"https:\/\/www.caririemacao.com\/1\/wp-json\/wp\/v2\/posts\/81102","targetHints":{"allow":["GET"]}}],"collection":[{"href":"https:\/\/www.caririemacao.com\/1\/wp-json\/wp\/v2\/posts"}],"about":[{"href":"https:\/\/www.caririemacao.com\/1\/wp-json\/wp\/v2\/types\/post"}],"author":[{"embeddable":true,"href":"https:\/\/www.caririemacao.com\/1\/wp-json\/wp\/v2\/users\/1"}],"replies":[{"embeddable":true,"href":"https:\/\/www.caririemacao.com\/1\/wp-json\/wp\/v2\/comments?post=81102"}],"version-history":[{"count":1,"href":"https:\/\/www.caririemacao.com\/1\/wp-json\/wp\/v2\/posts\/81102\/revisions"}],"predecessor-version":[{"id":81104,"href":"https:\/\/www.caririemacao.com\/1\/wp-json\/wp\/v2\/posts\/81102\/revisions\/81104"}],"wp:featuredmedia":[{"embeddable":true,"href":"https:\/\/www.caririemacao.com\/1\/wp-json\/wp\/v2\/media\/81103"}],"wp:attachment":[{"href":"https:\/\/www.caririemacao.com\/1\/wp-json\/wp\/v2\/media?parent=81102"}],"wp:term":[{"taxonomy":"category","embeddable":true,"href":"https:\/\/www.caririemacao.com\/1\/wp-json\/wp\/v2\/categories?post=81102"},{"taxonomy":"post_tag","embeddable":true,"href":"https:\/\/www.caririemacao.com\/1\/wp-json\/wp\/v2\/tags?post=81102"}],"curies":[{"name":"wp","href":"https:\/\/api.w.org\/{rel}","templated":true}]}}