{"id":81105,"date":"2019-01-14T19:21:15","date_gmt":"2019-01-14T22:21:15","guid":{"rendered":"http:\/\/www.caririemacao.com\/1\/?p=81105"},"modified":"2019-01-14T19:21:15","modified_gmt":"2019-01-14T22:21:15","slug":"bolsonaro-assina-decreto-que-flexibiliza-posse-de-arma","status":"publish","type":"post","link":"https:\/\/www.caririemacao.com\/1\/2019\/01\/14\/bolsonaro-assina-decreto-que-flexibiliza-posse-de-arma\/","title":{"rendered":"Bolsonaro assina decreto que flexibiliza posse de arma"},"content":{"rendered":"<p>O presidente Jair Bolsonaro assina amanh\u00e3 (15) , durante cerim\u00f4nia no Pal\u00e1cio do Planalto, o decreto que flexibiliza a posse de armas, informou a Casa Civil. O texto regulamentar\u00e1 a posse de armas de fogo no pa\u00eds, uma das principais promessas de campanha do presidente da Rep\u00fablica.<\/p>\n<p>O decreto refere-se exclusivamente \u00e0 posse de armas. O porte de arma de fogo, ou seja, o direito de andar com a arma na rua ou no carro n\u00e3o ser\u00e1 inclu\u00eddo no texto. A previs\u00e3o \u00e9 que seja facilitada a obten\u00e7\u00e3o de licen\u00e7a para manter armas em casa. Os detalhes do decreto, entretando, n\u00e3o foram divulgados pela Casa Civil.<\/p>\n<p>A assinatura do decreto ser\u00e1 logo depois da reuni\u00e3o ministerial, que Bolsonaro passou a fazer todas as ter\u00e7a-feiras, \u00e0s 9h no Planalto, desde que assumiu o poder em 1\u00ba de janeiro.<\/p>\n<p>Na semana passada, o presidente se reuniu com parlamentares e conversou sobre a flexibiliza\u00e7\u00e3o da posse de armas. O deputado federal Alberto Fraga (DEM-DF) afirmou que Bolsonaro pretendia tirar do delegado da Pol\u00edcia Federal (PF) a decis\u00e3o de conceder a licen\u00e7a apenas com base na justificativa do solicitante.<\/p>\n<p>Segundo Fraga, estudos analisados pela Presid\u00eancia da Rep\u00fablica inclu\u00edam a necessidade de justificar o pedido de posse de arma. A justificativa n\u00e3o poder\u00e1 ser usada como fundamento para uma negativa. Outros requisitos ser\u00e3o exigidos, como a aus\u00eancia de antecedentes criminais e a aprova\u00e7\u00e3o do requerente em teste psicol\u00f3gico.<\/p>\n<p>De acordo com o parlamentar, o decreto dever\u00e1 aumentar para 10 anos o prazo para renova\u00e7\u00e3o do registro de arma de fogo.<\/p>\n<p><strong>Ag\u00eancia Brasil\u00a0<\/strong><\/p>\n","protected":false},"excerpt":{"rendered":"<p>O presidente Jair Bolsonaro assina amanh\u00e3 (15) , durante cerim\u00f4nia no Pal\u00e1cio do Planalto, o decreto que flexibiliza a posse de armas, informou a Casa&hellip; <\/p>\n","protected":false},"author":1,"featured_media":80739,"comment_status":"closed","ping_status":"closed","sticky":false,"template":"","format":"standard","meta":{"sfsi_plus_gutenberg_text_before_share":"","sfsi_plus_gutenberg_show_text_before_share":"","sfsi_plus_gutenberg_icon_type":"","sfsi_plus_gutenberg_icon_alignemt":"","sfsi_plus_gutenburg_max_per_row":"","footnotes":""},"categories":[11],"tags":[],"class_list":["post-81105","post","type-post","status-publish","format-standard","has-post-thumbnail","hentry","category-politica"],"_links":{"self":[{"href":"https:\/\/www.caririemacao.com\/1\/wp-json\/wp\/v2\/posts\/81105","targetHints":{"allow":["GET"]}}],"collection":[{"href":"https:\/\/www.caririemacao.com\/1\/wp-json\/wp\/v2\/posts"}],"about":[{"href":"https:\/\/www.caririemacao.com\/1\/wp-json\/wp\/v2\/types\/post"}],"author":[{"embeddable":true,"href":"https:\/\/www.caririemacao.com\/1\/wp-json\/wp\/v2\/users\/1"}],"replies":[{"embeddable":true,"href":"https:\/\/www.caririemacao.com\/1\/wp-json\/wp\/v2\/comments?post=81105"}],"version-history":[{"count":1,"href":"https:\/\/www.caririemacao.com\/1\/wp-json\/wp\/v2\/posts\/81105\/revisions"}],"predecessor-version":[{"id":81106,"href":"https:\/\/www.caririemacao.com\/1\/wp-json\/wp\/v2\/posts\/81105\/revisions\/81106"}],"wp:featuredmedia":[{"embeddable":true,"href":"https:\/\/www.caririemacao.com\/1\/wp-json\/wp\/v2\/media\/80739"}],"wp:attachment":[{"href":"https:\/\/www.caririemacao.com\/1\/wp-json\/wp\/v2\/media?parent=81105"}],"wp:term":[{"taxonomy":"category","embeddable":true,"href":"https:\/\/www.caririemacao.com\/1\/wp-json\/wp\/v2\/categories?post=81105"},{"taxonomy":"post_tag","embeddable":true,"href":"https:\/\/www.caririemacao.com\/1\/wp-json\/wp\/v2\/tags?post=81105"}],"curies":[{"name":"wp","href":"https:\/\/api.w.org\/{rel}","templated":true}]}}