{"id":81109,"date":"2019-01-14T22:35:51","date_gmt":"2019-01-15T01:35:51","guid":{"rendered":"http:\/\/www.caririemacao.com\/1\/?p=81109"},"modified":"2019-01-14T22:35:51","modified_gmt":"2019-01-15T01:35:51","slug":"em-cabaceiras-jovem-desacordada-e-socorrida-pelo-samu","status":"publish","type":"post","link":"https:\/\/www.caririemacao.com\/1\/2019\/01\/14\/em-cabaceiras-jovem-desacordada-e-socorrida-pelo-samu\/","title":{"rendered":"Em Cabaceiras: Jovem desacordada \u00e9 socorrida pelo Samu"},"content":{"rendered":"<p><img fetchpriority=\"high\" decoding=\"async\" class=\"attachment-single_thumb size-single_thumb wp-post-image\" src=\"http:\/\/www.blogdobrunolira.com.br\/wp-content\/uploads\/2019\/01\/IMG-20190114-WA01592.jpg\" sizes=\"(max-width: 272px) 100vw, 272px\" srcset=\"http:\/\/www.blogdobrunolira.com.br\/wp-content\/uploads\/2019\/01\/IMG-20190114-WA01592.jpg 272w, http:\/\/www.blogdobrunolira.com.br\/wp-content\/uploads\/2019\/01\/IMG-20190114-WA01592-238x300.jpg 238w\" alt=\"\" width=\"272\" height=\"343\" data-attachment-id=\"7361\" data-permalink=\"http:\/\/www.blogdobrunolira.com.br\/2019\/01\/em-cabaceiras-jovem-desacordada-e-socorrida-pelo-samu\/img-20190114-wa01592\/\" data-orig-file=\"http:\/\/www.blogdobrunolira.com.br\/wp-content\/uploads\/2019\/01\/IMG-20190114-WA01592.jpg\" data-orig-size=\"272,343\" data-comments-opened=\"1\" data-image-meta=\"{&quot;aperture&quot;:&quot;0&quot;,&quot;credit&quot;:&quot;&quot;,&quot;camera&quot;:&quot;&quot;,&quot;caption&quot;:&quot;&quot;,&quot;created_timestamp&quot;:&quot;0&quot;,&quot;copyright&quot;:&quot;&quot;,&quot;focal_length&quot;:&quot;0&quot;,&quot;iso&quot;:&quot;0&quot;,&quot;shutter_speed&quot;:&quot;0&quot;,&quot;title&quot;:&quot;&quot;,&quot;orientation&quot;:&quot;1&quot;}\" data-image-title=\"IMG-20190114-WA0159~2\" data-image-description=\"\" data-medium-file=\"http:\/\/www.blogdobrunolira.com.br\/wp-content\/uploads\/2019\/01\/IMG-20190114-WA01592-238x300.jpg\" data-large-file=\"http:\/\/www.blogdobrunolira.com.br\/wp-content\/uploads\/2019\/01\/IMG-20190114-WA01592.jpg\" \/><\/p>\n<p>Uma jovem idenficada por Luana, residente na cidade de Boqueir\u00e3o, foi encontrada desacordada na tarde desta segunda-feira (14), nas imedia\u00e7\u00f5es da Ponto do Rio Tapero\u00e1, em Cabaceiras.<\/p>\n<p>A jovem foi encontrada por populares e socorrida pelo Servi\u00e7o de Atendimento M\u00f3vel de Urg\u00eancia (SAMU).<\/p>\n<p>At\u00e9 o fechamento da mat\u00e9ria, n\u00e3o foi informado a motiva\u00e7\u00e3o do desmaiou.<\/p>\n<p>Mais informa\u00e7\u00f5es, em instantes.<\/p>\n<p><strong>Blog do Bruno Lira<\/strong><\/p>\n","protected":false},"excerpt":{"rendered":"<p>Uma jovem idenficada por Luana, residente na cidade de Boqueir\u00e3o, foi encontrada desacordada na tarde desta segunda-feira (14), nas imedia\u00e7\u00f5es da Ponto do Rio Tapero\u00e1,&hellip; <\/p>\n","protected":false},"author":1,"featured_media":25307,"comment_status":"closed","ping_status":"closed","sticky":false,"template":"","format":"standard","meta":{"sfsi_plus_gutenberg_text_before_share":"","sfsi_plus_gutenberg_show_text_before_share":"","sfsi_plus_gutenberg_icon_type":"","sfsi_plus_gutenberg_icon_alignemt":"","sfsi_plus_gutenburg_max_per_row":"","footnotes":""},"categories":[12],"tags":[],"class_list":["post-81109","post","type-post","status-publish","format-standard","has-post-thumbnail","hentry","category-policia"],"_links":{"self":[{"href":"https:\/\/www.caririemacao.com\/1\/wp-json\/wp\/v2\/posts\/81109","targetHints":{"allow":["GET"]}}],"collection":[{"href":"https:\/\/www.caririemacao.com\/1\/wp-json\/wp\/v2\/posts"}],"about":[{"href":"https:\/\/www.caririemacao.com\/1\/wp-json\/wp\/v2\/types\/post"}],"author":[{"embeddable":true,"href":"https:\/\/www.caririemacao.com\/1\/wp-json\/wp\/v2\/users\/1"}],"replies":[{"embeddable":true,"href":"https:\/\/www.caririemacao.com\/1\/wp-json\/wp\/v2\/comments?post=81109"}],"version-history":[{"count":1,"href":"https:\/\/www.caririemacao.com\/1\/wp-json\/wp\/v2\/posts\/81109\/revisions"}],"predecessor-version":[{"id":81110,"href":"https:\/\/www.caririemacao.com\/1\/wp-json\/wp\/v2\/posts\/81109\/revisions\/81110"}],"wp:featuredmedia":[{"embeddable":true,"href":"https:\/\/www.caririemacao.com\/1\/wp-json\/wp\/v2\/media\/25307"}],"wp:attachment":[{"href":"https:\/\/www.caririemacao.com\/1\/wp-json\/wp\/v2\/media?parent=81109"}],"wp:term":[{"taxonomy":"category","embeddable":true,"href":"https:\/\/www.caririemacao.com\/1\/wp-json\/wp\/v2\/categories?post=81109"},{"taxonomy":"post_tag","embeddable":true,"href":"https:\/\/www.caririemacao.com\/1\/wp-json\/wp\/v2\/tags?post=81109"}],"curies":[{"name":"wp","href":"https:\/\/api.w.org\/{rel}","templated":true}]}}