{"id":81114,"date":"2019-01-14T23:02:25","date_gmt":"2019-01-15T02:02:25","guid":{"rendered":"http:\/\/www.caririemacao.com\/1\/?p=81114"},"modified":"2019-01-14T23:02:25","modified_gmt":"2019-01-15T02:02:25","slug":"prefeitura-municipal-de-congo-abre-processo-seletivo-simplificado-para-contratacao-de-servidores","status":"publish","type":"post","link":"https:\/\/www.caririemacao.com\/1\/2019\/01\/14\/prefeitura-municipal-de-congo-abre-processo-seletivo-simplificado-para-contratacao-de-servidores\/","title":{"rendered":"Prefeitura Municipal de Congo abre Processo Seletivo Simplificado para contrata\u00e7\u00e3o de servidores"},"content":{"rendered":"<p>A Prefeitura Municipal de Congo, Estado da Para\u00edba, realizar\u00e1 Processo Seletivo Simplificado para contratar profissionais de n\u00edvel fundamental, m\u00e9dio e superior, para as secretarias municipais de Educa\u00e7\u00e3o, Cultura e Desportos, Assist\u00eancia Social e Desenvolvimento Econ\u00f4mico, e\u00a0 Secretaria Municipal de Sa\u00fade.<\/p>\n<p>H\u00e1 vagas para Assistentes Sociais (02); Psic\u00f3logo (01),\u00a0Educador F\u00edsico (01), Odont\u00f3logos (02), Auxiliares de Consult\u00f3rio Dent\u00e1rio (02), Visitadores (03), Facilitadores Sociais (05), Gestor para o Programa Bolsa Fam\u00edlia (01), Motorista (04), Professores (03) e M\u00e9dico (1).\u00a0Estes servidores devem cumprir jornadas de 25h \u00e1 40h semanais, com remunera\u00e7\u00e3o vari\u00e1vel de R$ 998,00 a R$ 12.000,00.<\/p>\n<p>As inscri\u00e7\u00f5es poder\u00e3o ser efetivadas das 08h00min \u00e0s 13h00min, no per\u00edodo de 15 a 16 de janeiro de 2019, na sede da Prefeitura, situada \u00e0 Rua Senador Ruy Carneiro, Centro, Congo\/PB.<\/p>\n<p>\u00c9 necess\u00e1rio que o concorrente entregue a Ficha de Inscri\u00e7\u00e3o devidamente preenchida, o Curr\u00edculo e a documenta\u00e7\u00e3o comprobat\u00f3ria das informa\u00e7\u00f5es prestadas, conforme as especifica\u00e7\u00f5es do edital.<\/p>\n<p>A Sele\u00e7\u00e3o se realizar\u00e1 em duas etapas: An\u00e1lise Curricular e Entrevistas. Todas as etapas ser\u00e3o de car\u00e1ter classificat\u00f3rio e eliminat\u00f3rio. O prazo de validade desta sele\u00e7\u00e3o \u00e9 de 6 (seis) meses, podendo ser prorrogada por igual per\u00edodo.<\/p>\n<p>Informa\u00e7\u00f5es complementares voc\u00ea encontra no Edital dispon\u00edvel no site da Prefeitura Municipal.<\/p>\n<p>&nbsp;<\/p>\n<p>Acesso ao Edital:\u00a0<a href=\"http:\/\/www.congo.pb.gov.br\/images\/Processo_Seletivo_2019\/Edital%20processo%20Seletivo%20001-2019.pdf\">EDITAL 001\/2019<\/a><\/p>\n","protected":false},"excerpt":{"rendered":"<p>A Prefeitura Municipal de Congo, Estado da Para\u00edba, realizar\u00e1 Processo Seletivo Simplificado para contratar profissionais de n\u00edvel fundamental, m\u00e9dio e superior, para as secretarias municipais&hellip; <\/p>\n","protected":false},"author":1,"featured_media":81115,"comment_status":"closed","ping_status":"closed","sticky":false,"template":"","format":"standard","meta":{"sfsi_plus_gutenberg_text_before_share":"","sfsi_plus_gutenberg_show_text_before_share":"","sfsi_plus_gutenberg_icon_type":"","sfsi_plus_gutenberg_icon_alignemt":"","sfsi_plus_gutenburg_max_per_row":"","footnotes":""},"categories":[50,2],"tags":[],"class_list":["post-81114","post","type-post","status-publish","format-standard","has-post-thumbnail","hentry","category-destaque","category-geral"],"_links":{"self":[{"href":"https:\/\/www.caririemacao.com\/1\/wp-json\/wp\/v2\/posts\/81114","targetHints":{"allow":["GET"]}}],"collection":[{"href":"https:\/\/www.caririemacao.com\/1\/wp-json\/wp\/v2\/posts"}],"about":[{"href":"https:\/\/www.caririemacao.com\/1\/wp-json\/wp\/v2\/types\/post"}],"author":[{"embeddable":true,"href":"https:\/\/www.caririemacao.com\/1\/wp-json\/wp\/v2\/users\/1"}],"replies":[{"embeddable":true,"href":"https:\/\/www.caririemacao.com\/1\/wp-json\/wp\/v2\/comments?post=81114"}],"version-history":[{"count":1,"href":"https:\/\/www.caririemacao.com\/1\/wp-json\/wp\/v2\/posts\/81114\/revisions"}],"predecessor-version":[{"id":81116,"href":"https:\/\/www.caririemacao.com\/1\/wp-json\/wp\/v2\/posts\/81114\/revisions\/81116"}],"wp:featuredmedia":[{"embeddable":true,"href":"https:\/\/www.caririemacao.com\/1\/wp-json\/wp\/v2\/media\/81115"}],"wp:attachment":[{"href":"https:\/\/www.caririemacao.com\/1\/wp-json\/wp\/v2\/media?parent=81114"}],"wp:term":[{"taxonomy":"category","embeddable":true,"href":"https:\/\/www.caririemacao.com\/1\/wp-json\/wp\/v2\/categories?post=81114"},{"taxonomy":"post_tag","embeddable":true,"href":"https:\/\/www.caririemacao.com\/1\/wp-json\/wp\/v2\/tags?post=81114"}],"curies":[{"name":"wp","href":"https:\/\/api.w.org\/{rel}","templated":true}]}}