{"id":81117,"date":"2019-01-14T23:50:19","date_gmt":"2019-01-15T02:50:19","guid":{"rendered":"http:\/\/www.caririemacao.com\/1\/?p=81117"},"modified":"2019-01-14T23:50:19","modified_gmt":"2019-01-15T02:50:19","slug":"comsegt-realizara-1a-capacitacao-sobre-o-e-social-do-cariri","status":"publish","type":"post","link":"https:\/\/www.caririemacao.com\/1\/2019\/01\/14\/comsegt-realizara-1a-capacitacao-sobre-o-e-social-do-cariri\/","title":{"rendered":"COMSEGT realizar\u00e1 1\u00aa Capacita\u00e7\u00e3o Sobre o E-social do Cariri"},"content":{"rendered":"<section id=\"content-inside\"><a href=\"http:\/\/caririligado.com.br\/wp-content\/uploads\/2019\/01\/001-42.jpg\"><img fetchpriority=\"high\" decoding=\"async\" class=\"size-medium wp-image-97167 alignleft\" src=\"http:\/\/caririligado.com.br\/wp-content\/uploads\/2019\/01\/001-42-298x300.jpg\" sizes=\"(max-width: 298px) 100vw, 298px\" srcset=\"http:\/\/caririligado.com.br\/wp-content\/uploads\/2019\/01\/001-42-298x300.jpg 298w, http:\/\/caririligado.com.br\/wp-content\/uploads\/2019\/01\/001-42-150x150.jpg 150w, http:\/\/caririligado.com.br\/wp-content\/uploads\/2019\/01\/001-42-768x773.jpg 768w, http:\/\/caririligado.com.br\/wp-content\/uploads\/2019\/01\/001-42-1017x1024.jpg 1017w, http:\/\/caririligado.com.br\/wp-content\/uploads\/2019\/01\/001-42.jpg 1271w\" alt=\"\" width=\"298\" height=\"300\" \/><\/a><\/p>\n<p>A COMSEGT \u2013 Consultoria em Medicina e Seguran\u00e7a no Trabalho, sempre pensando na preven\u00e7\u00e3o, qualifica\u00e7\u00e3o e Capacita\u00e7\u00e3o do trabalhadores, agora inovando na \u00e1rea de cursos e capacita\u00e7\u00f5es, realizar\u00e1 no munic\u00edpio de Monteiro, a 1\u00aa Capacita\u00e7\u00e3o Sobre o E-social do Cariri, onde ser\u00e1 esclarecido d\u00favidas e capacitar contadores, empregadores, gerente de R.H. e o p\u00fablico interessado no assunto.<\/p>\n<p>O curso acontecer\u00e1 no dia 16 de Fevereiro, no Espa\u00e7o + Saber, localizado por tr\u00e1s da Churrascaria de Ch\u00f4va, em Monteiro, e ser\u00e1 ministrado pela empresa \u2018Preven\u00e7\u00e3o\u2019 de Jo\u00e3o Pessoa, empresa que vem implantando o e-Social na ENERGISA.<\/p>\n<p><strong>O que \u00e9 o e-Social?<\/strong><\/p>\n<p>O E-Social \u2013 Sistema de Escritura\u00e7\u00e3o Digital das Obriga\u00e7\u00f5es Fiscais, Previdenci\u00e1rias e Trabalhistas, institu\u00eddo pelo Decreto n\u00ba 8373\/2014, \u00e9 um sistema onde os empregadores passar\u00e3o a comunicar ao Governo, de forma unificada, as informa\u00e7\u00f5es relativas aos trabalhadores, como v\u00ednculos, contribui\u00e7\u00f5es previdenci\u00e1rias, folha de pagamento, comunica\u00e7\u00f5es de acidente de trabalho, aviso pr\u00e9vio, escritura\u00e7\u00f5es fiscais, informa\u00e7\u00f5es sobre o FGTS e Seguran\u00e7a no trabalho.<\/p>\n<p>A transmiss\u00e3o eletr\u00f4nica desses dados simplificar\u00e1 a presta\u00e7\u00e3o das informa\u00e7\u00f5es referentes \u00e0s obriga\u00e7\u00f5es fiscais, previdenci\u00e1rias e trabalhistas, de forma a reduzir a burocracia para as empresas. A presta\u00e7\u00e3o das informa\u00e7\u00f5es ao eSocial substituir\u00e1 o preenchimento e a entrega de formul\u00e1rios e declara\u00e7\u00f5es separados a cada ente.<br \/>\n<strong>Conte\u00fado Program\u00e1tico do Curso E-Social:<\/strong><\/p>\n<p><em>M\u00d3DULO DE RELA\u00c7\u00d5ES TRABALHISTAS\/DEPARTAMENTO PESSOAL:<\/em><\/p>\n<p>\u2013 Objetivos eSocial e benef\u00edcios almejados;<\/p>\n<p>\u2013 Procedimentos principais para a sua implanta\u00e7\u00e3o;<\/p>\n<p>\u2013 Cronograma atual;<br \/>\n\u2013 Identificadores dos empregadores e trabalhadores no e social;<\/p>\n<p>\u2013 Leiaute, regras de valida\u00e7\u00e3o;<\/p>\n<p>\u2013 Regras de Altera\u00e7\u00e3o, Retifica\u00e7\u00e3o e exclus\u00e3o;<\/p>\n<p>\u2013 Recibo de entrega e comprovante;<\/p>\n<p>\u2013 Qualifica\u00e7\u00e3o cadastral;<\/p>\n<p>\u2013 Detalhamento dos principais processos Rela\u00e7\u00f5es trabalhistas (Cadastro, Admiss\u00e3o ao desligamento) \u2013 tabelas e eventos;<\/p>\n<p>\u2013 Atividade pr\u00e1tica: Aplicabilidade dos principais processos de rela\u00e7\u00f5es trabalhistas<\/p>\n<p>Para maiores informa\u00e7\u00f5es e inscri\u00e7\u00f5es, entrar em contato atrav\u00e9s do telefone: (83) 99974.9718 (Bambam)<\/p>\n<\/section>\n","protected":false},"excerpt":{"rendered":"<p>A COMSEGT \u2013 Consultoria em Medicina e Seguran\u00e7a no Trabalho, sempre pensando na preven\u00e7\u00e3o, qualifica\u00e7\u00e3o e Capacita\u00e7\u00e3o do trabalhadores, agora inovando na \u00e1rea de cursos&hellip; <\/p>\n","protected":false},"author":1,"featured_media":81118,"comment_status":"closed","ping_status":"closed","sticky":false,"template":"","format":"standard","meta":{"sfsi_plus_gutenberg_text_before_share":"","sfsi_plus_gutenberg_show_text_before_share":"","sfsi_plus_gutenberg_icon_type":"","sfsi_plus_gutenberg_icon_alignemt":"","sfsi_plus_gutenburg_max_per_row":"","footnotes":""},"categories":[2],"tags":[],"class_list":["post-81117","post","type-post","status-publish","format-standard","has-post-thumbnail","hentry","category-geral"],"_links":{"self":[{"href":"https:\/\/www.caririemacao.com\/1\/wp-json\/wp\/v2\/posts\/81117","targetHints":{"allow":["GET"]}}],"collection":[{"href":"https:\/\/www.caririemacao.com\/1\/wp-json\/wp\/v2\/posts"}],"about":[{"href":"https:\/\/www.caririemacao.com\/1\/wp-json\/wp\/v2\/types\/post"}],"author":[{"embeddable":true,"href":"https:\/\/www.caririemacao.com\/1\/wp-json\/wp\/v2\/users\/1"}],"replies":[{"embeddable":true,"href":"https:\/\/www.caririemacao.com\/1\/wp-json\/wp\/v2\/comments?post=81117"}],"version-history":[{"count":1,"href":"https:\/\/www.caririemacao.com\/1\/wp-json\/wp\/v2\/posts\/81117\/revisions"}],"predecessor-version":[{"id":81119,"href":"https:\/\/www.caririemacao.com\/1\/wp-json\/wp\/v2\/posts\/81117\/revisions\/81119"}],"wp:featuredmedia":[{"embeddable":true,"href":"https:\/\/www.caririemacao.com\/1\/wp-json\/wp\/v2\/media\/81118"}],"wp:attachment":[{"href":"https:\/\/www.caririemacao.com\/1\/wp-json\/wp\/v2\/media?parent=81117"}],"wp:term":[{"taxonomy":"category","embeddable":true,"href":"https:\/\/www.caririemacao.com\/1\/wp-json\/wp\/v2\/categories?post=81117"},{"taxonomy":"post_tag","embeddable":true,"href":"https:\/\/www.caririemacao.com\/1\/wp-json\/wp\/v2\/tags?post=81117"}],"curies":[{"name":"wp","href":"https:\/\/api.w.org\/{rel}","templated":true}]}}