{"id":81121,"date":"2019-01-15T00:44:43","date_gmt":"2019-01-15T03:44:43","guid":{"rendered":"http:\/\/www.caririemacao.com\/1\/?p=81121"},"modified":"2019-01-15T00:44:43","modified_gmt":"2019-01-15T03:44:43","slug":"prefeitura-de-gurjao-promove-dia-de-lazer-para-os-servidores-de-limpeza-urbana","status":"publish","type":"post","link":"https:\/\/www.caririemacao.com\/1\/2019\/01\/15\/prefeitura-de-gurjao-promove-dia-de-lazer-para-os-servidores-de-limpeza-urbana\/","title":{"rendered":"Prefeitura de Gurj\u00e3o promove dia de lazer para os servidores de limpeza urbana"},"content":{"rendered":"<div>\n<div>A Prefeitura de Gurj\u00e3o , atrav\u00e9s da Secretaria de Servi\u00e7os Urbanos , realizou no final de semana, um dia de lazer para os servidores de limpeza urbana que trabalham no munic\u00edpio.<\/div>\n<\/div>\n<div>\n<div><\/div>\n<\/div>\n<div>\n<div>No s\u00e1bado, o evento aconteceu no per\u00edodo da manh\u00e3 e tarde e reuniu profissionais da limpeza onde aconteceu no balne\u00e1rio na cidade de S\u00e3o Jo\u00e3o do Cariri , al\u00e9m de usufru\u00edrem do balne\u00e1rio os servidores tiveram almo\u00e7o e lanche durante toda a tarde.<\/div>\n<\/div>\n<div>\n<div><\/div>\n<\/div>\n<div>\n<div><\/div>\n<\/div>\n<div>\n<div>O prefeito Ronaldo Queiroz esteve durante toda a tarde acompanhado do Secret\u00e1rio Fabio Coutinho e o Vereador Junior Moraes ,o Prefeito Ronaldo agradeceu o apoio de cada servidor que faz a limpeza p\u00fablica no munic\u00edpio e destacou a import\u00e2ncia deles na constru\u00e7\u00e3o do desenvolvimento de Gurj\u00e3o.<\/div>\n<\/div>\n<div>\n<div><\/div>\n<\/div>\n<div>\n<div>\u201cQuero agradecer o envolvimento e o trabalho que cada um tem dado para manter nossa cidade melhor\u201d. S\u00e3o voc\u00eas os respons\u00e1veis pela beleza de nossa Gurj\u00e3o.<\/div>\n<\/div>\n<div>\n<div><\/div>\n<\/div>\n<div>\n<div><\/div>\n<\/div>\n<div>\n<div>O Secret\u00e1rio Fabio Coutinho falou da import\u00e2ncia dos servidores,\u201ca gente v\u00ea a pujan\u00e7a do munic\u00edpio e a sintonia que os funcion\u00e1rios p\u00fablicos tem com Gurj\u00e3o. Nestes dias t\u00e3o especiais, onde todos est\u00e3o unidos, congratulo voc\u00eas pelo trabalho, e reafirmo a import\u00e2ncia da categoria se sempre valorizada, enxergando cada vez mais seu papel essencial para sociedade\u201d, disse.<\/div>\n<\/div>\n","protected":false},"excerpt":{"rendered":"<p>A Prefeitura de Gurj\u00e3o , atrav\u00e9s da Secretaria de Servi\u00e7os Urbanos , realizou no final de semana, um dia de lazer para os servidores de&hellip; <\/p>\n","protected":false},"author":1,"featured_media":81122,"comment_status":"closed","ping_status":"closed","sticky":false,"template":"","format":"standard","meta":{"sfsi_plus_gutenberg_text_before_share":"","sfsi_plus_gutenberg_show_text_before_share":"","sfsi_plus_gutenberg_icon_type":"","sfsi_plus_gutenberg_icon_alignemt":"","sfsi_plus_gutenburg_max_per_row":"","footnotes":""},"categories":[6],"tags":[],"class_list":["post-81121","post","type-post","status-publish","format-standard","has-post-thumbnail","hentry","category-cidades"],"_links":{"self":[{"href":"https:\/\/www.caririemacao.com\/1\/wp-json\/wp\/v2\/posts\/81121","targetHints":{"allow":["GET"]}}],"collection":[{"href":"https:\/\/www.caririemacao.com\/1\/wp-json\/wp\/v2\/posts"}],"about":[{"href":"https:\/\/www.caririemacao.com\/1\/wp-json\/wp\/v2\/types\/post"}],"author":[{"embeddable":true,"href":"https:\/\/www.caririemacao.com\/1\/wp-json\/wp\/v2\/users\/1"}],"replies":[{"embeddable":true,"href":"https:\/\/www.caririemacao.com\/1\/wp-json\/wp\/v2\/comments?post=81121"}],"version-history":[{"count":1,"href":"https:\/\/www.caririemacao.com\/1\/wp-json\/wp\/v2\/posts\/81121\/revisions"}],"predecessor-version":[{"id":81124,"href":"https:\/\/www.caririemacao.com\/1\/wp-json\/wp\/v2\/posts\/81121\/revisions\/81124"}],"wp:featuredmedia":[{"embeddable":true,"href":"https:\/\/www.caririemacao.com\/1\/wp-json\/wp\/v2\/media\/81122"}],"wp:attachment":[{"href":"https:\/\/www.caririemacao.com\/1\/wp-json\/wp\/v2\/media?parent=81121"}],"wp:term":[{"taxonomy":"category","embeddable":true,"href":"https:\/\/www.caririemacao.com\/1\/wp-json\/wp\/v2\/categories?post=81121"},{"taxonomy":"post_tag","embeddable":true,"href":"https:\/\/www.caririemacao.com\/1\/wp-json\/wp\/v2\/tags?post=81121"}],"curies":[{"name":"wp","href":"https:\/\/api.w.org\/{rel}","templated":true}]}}