{"id":81126,"date":"2019-01-15T01:46:38","date_gmt":"2019-01-15T04:46:38","guid":{"rendered":"http:\/\/www.caririemacao.com\/1\/?p=81126"},"modified":"2019-01-15T01:46:38","modified_gmt":"2019-01-15T04:46:38","slug":"ouro-velho-comemora-58-anos","status":"publish","type":"post","link":"https:\/\/www.caririemacao.com\/1\/2019\/01\/15\/ouro-velho-comemora-58-anos\/","title":{"rendered":"Ouro Velho comemora 58 anos"},"content":{"rendered":"<p>A Prefeitura de Ouro Velho, atrav\u00e9s da prefeita Nat\u00e1lia e do vice-prefeito Fl\u00e1vio Henrique, parabeniza a cidade pelo anivers\u00e1rio dos 58 anos de emancipa\u00e7\u00e3o pol\u00edtica do munic\u00edpio.<\/p>\n<p>Para comemorar, a Prefeitura est\u00e1 realizando v\u00e1rias atividades na cidade em alus\u00e3o a data.\u00a0Iniciando com a alvorada e a cerim\u00f4nia de hasteamento das bandeiras, al\u00e9m do tradicional \u2018Corte do Bolo\u2019.\u00a0J\u00e1 a partir das 16h30, na Igreja Nossa Senhora das Dores, acontece a Missa Solene.<\/p>\n<p>A noite, \u00e0s 20h, ser\u00e1 inaugurada a pavimenta\u00e7\u00e3o da rua que d\u00e1 acesso ao Cant\u00b4\u00e1guas, e em seguida, entrega do Centro Hist\u00f3rico de Ouro Velho, denominado Idelvita Rodrigues de Lima.<\/p>\n<p>E encerrando a programa\u00e7\u00e3o, a partir das 22h, shows com Brasas do Forr\u00f3 e Harry Estigado.<\/p>\n","protected":false},"excerpt":{"rendered":"<p>A Prefeitura de Ouro Velho, atrav\u00e9s da prefeita Nat\u00e1lia e do vice-prefeito Fl\u00e1vio Henrique, parabeniza a cidade pelo anivers\u00e1rio dos 58 anos de emancipa\u00e7\u00e3o pol\u00edtica&hellip; <\/p>\n","protected":false},"author":1,"featured_media":81127,"comment_status":"closed","ping_status":"closed","sticky":false,"template":"","format":"standard","meta":{"sfsi_plus_gutenberg_text_before_share":"","sfsi_plus_gutenberg_show_text_before_share":"","sfsi_plus_gutenberg_icon_type":"","sfsi_plus_gutenberg_icon_alignemt":"","sfsi_plus_gutenburg_max_per_row":"","footnotes":""},"categories":[6],"tags":[],"class_list":["post-81126","post","type-post","status-publish","format-standard","has-post-thumbnail","hentry","category-cidades"],"_links":{"self":[{"href":"https:\/\/www.caririemacao.com\/1\/wp-json\/wp\/v2\/posts\/81126","targetHints":{"allow":["GET"]}}],"collection":[{"href":"https:\/\/www.caririemacao.com\/1\/wp-json\/wp\/v2\/posts"}],"about":[{"href":"https:\/\/www.caririemacao.com\/1\/wp-json\/wp\/v2\/types\/post"}],"author":[{"embeddable":true,"href":"https:\/\/www.caririemacao.com\/1\/wp-json\/wp\/v2\/users\/1"}],"replies":[{"embeddable":true,"href":"https:\/\/www.caririemacao.com\/1\/wp-json\/wp\/v2\/comments?post=81126"}],"version-history":[{"count":1,"href":"https:\/\/www.caririemacao.com\/1\/wp-json\/wp\/v2\/posts\/81126\/revisions"}],"predecessor-version":[{"id":81128,"href":"https:\/\/www.caririemacao.com\/1\/wp-json\/wp\/v2\/posts\/81126\/revisions\/81128"}],"wp:featuredmedia":[{"embeddable":true,"href":"https:\/\/www.caririemacao.com\/1\/wp-json\/wp\/v2\/media\/81127"}],"wp:attachment":[{"href":"https:\/\/www.caririemacao.com\/1\/wp-json\/wp\/v2\/media?parent=81126"}],"wp:term":[{"taxonomy":"category","embeddable":true,"href":"https:\/\/www.caririemacao.com\/1\/wp-json\/wp\/v2\/categories?post=81126"},{"taxonomy":"post_tag","embeddable":true,"href":"https:\/\/www.caririemacao.com\/1\/wp-json\/wp\/v2\/tags?post=81126"}],"curies":[{"name":"wp","href":"https:\/\/api.w.org\/{rel}","templated":true}]}}