{"id":81129,"date":"2019-01-15T01:54:32","date_gmt":"2019-01-15T04:54:32","guid":{"rendered":"http:\/\/www.caririemacao.com\/1\/?p=81129"},"modified":"2019-01-15T01:54:32","modified_gmt":"2019-01-15T04:54:32","slug":"hoje-brasas-do-forro-e-harry-estigado-cantam-no-aniversario-de-ouro-velho","status":"publish","type":"post","link":"https:\/\/www.caririemacao.com\/1\/2019\/01\/15\/hoje-brasas-do-forro-e-harry-estigado-cantam-no-aniversario-de-ouro-velho\/","title":{"rendered":"HOJE: Brasas do Forr\u00f3 e Harry Estigado cantam no anivers\u00e1rio de Ouro Velho"},"content":{"rendered":"<p>Para comemorar os 58 anos de emancipa\u00e7\u00e3o pol\u00edtica de Ouro Velho, a Prefeitura Municipal realiza na noite desta ter\u00e7a-feira, dia 15, shows com duas grandes atra\u00e7\u00f5es, Brasas do Forr\u00f3 e Harry Estigado.<\/p>\n<p>Os shows ser\u00e3o iniciados a partir das 22h e acontecer\u00e3o no mesmo local onde ser\u00e1 inaugurado o Centro Hist\u00f3rico Idelvita Rodrigues de Lima.<\/p>\n<p>As duas atra\u00e7\u00f5es agitar\u00e3o e embalar\u00e3o o p\u00fablico com seu repert\u00f3rio, trazendo seus maiores sucessos. Vale destacar que a programa\u00e7\u00e3o \u00e9 uma realiza\u00e7\u00e3o da Prefeitura de Ouro Velho.<\/p>\n","protected":false},"excerpt":{"rendered":"<p>Para comemorar os 58 anos de emancipa\u00e7\u00e3o pol\u00edtica de Ouro Velho, a Prefeitura Municipal realiza na noite desta ter\u00e7a-feira, dia 15, shows com duas grandes&hellip; <\/p>\n","protected":false},"author":1,"featured_media":81130,"comment_status":"closed","ping_status":"closed","sticky":false,"template":"","format":"standard","meta":{"sfsi_plus_gutenberg_text_before_share":"","sfsi_plus_gutenberg_show_text_before_share":"","sfsi_plus_gutenberg_icon_type":"","sfsi_plus_gutenberg_icon_alignemt":"","sfsi_plus_gutenburg_max_per_row":"","footnotes":""},"categories":[50,2],"tags":[],"class_list":["post-81129","post","type-post","status-publish","format-standard","has-post-thumbnail","hentry","category-destaque","category-geral"],"_links":{"self":[{"href":"https:\/\/www.caririemacao.com\/1\/wp-json\/wp\/v2\/posts\/81129","targetHints":{"allow":["GET"]}}],"collection":[{"href":"https:\/\/www.caririemacao.com\/1\/wp-json\/wp\/v2\/posts"}],"about":[{"href":"https:\/\/www.caririemacao.com\/1\/wp-json\/wp\/v2\/types\/post"}],"author":[{"embeddable":true,"href":"https:\/\/www.caririemacao.com\/1\/wp-json\/wp\/v2\/users\/1"}],"replies":[{"embeddable":true,"href":"https:\/\/www.caririemacao.com\/1\/wp-json\/wp\/v2\/comments?post=81129"}],"version-history":[{"count":1,"href":"https:\/\/www.caririemacao.com\/1\/wp-json\/wp\/v2\/posts\/81129\/revisions"}],"predecessor-version":[{"id":81131,"href":"https:\/\/www.caririemacao.com\/1\/wp-json\/wp\/v2\/posts\/81129\/revisions\/81131"}],"wp:featuredmedia":[{"embeddable":true,"href":"https:\/\/www.caririemacao.com\/1\/wp-json\/wp\/v2\/media\/81130"}],"wp:attachment":[{"href":"https:\/\/www.caririemacao.com\/1\/wp-json\/wp\/v2\/media?parent=81129"}],"wp:term":[{"taxonomy":"category","embeddable":true,"href":"https:\/\/www.caririemacao.com\/1\/wp-json\/wp\/v2\/categories?post=81129"},{"taxonomy":"post_tag","embeddable":true,"href":"https:\/\/www.caririemacao.com\/1\/wp-json\/wp\/v2\/tags?post=81129"}],"curies":[{"name":"wp","href":"https:\/\/api.w.org\/{rel}","templated":true}]}}