{"id":81137,"date":"2019-01-15T11:24:47","date_gmt":"2019-01-15T14:24:47","guid":{"rendered":"http:\/\/www.caririemacao.com\/1\/?p=81137"},"modified":"2019-01-15T11:24:47","modified_gmt":"2019-01-15T14:24:47","slug":"governador-altera-comando-da-delegacia-seccional-de-monteiro","status":"publish","type":"post","link":"https:\/\/www.caririemacao.com\/1\/2019\/01\/15\/governador-altera-comando-da-delegacia-seccional-de-monteiro\/","title":{"rendered":"Governador altera comando da Delegacia Seccional de Monteiro"},"content":{"rendered":"<div class=\"contentPost\">\n<p>O governador da Para\u00edba, Jo\u00e3o Azev\u00eado (PSB), alterou os comandos das Pol\u00edcias Civil e Militar e do Corpo de Bombeiros. As mudan\u00e7as foram publicadas no Di\u00e1rio Oficial do Estado (DOE) desta ter\u00e7a-feira (15). Pelo menos 15 delegados foram realocados para assumir outras fun\u00e7\u00f5es em delegacias.<\/p>\n<p>Para 14\u00aa Delegacia Seccional de Pol\u00edcia Civil, com sede em Monteiro, foi nomeado Dr. Cristiano Santana para o cargo de delegado seccional. Anteriormente, ele comandava o N\u00facleo de Homic\u00eddios da Delegacia de Queimadas.<\/p>\n<p>Na Pol\u00edcia Militar, tamb\u00e9m houve troca nos comandos dos cargos. Uma das principais altera\u00e7\u00f5es foi na Coordena\u00e7\u00e3o Geral do Estado Maior Estrat\u00e9gico, que passa a ser comandada pelo coronel Paulo Almeida da Silva, que antes assumia o cargo de comandante de policiamento regional da Pol\u00edcia Militar.<\/p>\n<p>Tamb\u00e9m houve mudan\u00e7a nos 1\u00ba, 2\u00ba, 5\u00ba, 10\u00ba e 15\u00ba batalh\u00f5es. Respectivamente, eles passam a ser geridos pelo coronel Crist\u00f3v\u00e3o Ferreira, Rog\u00e9rio Damasceno, Marcos de Barros, Francimar Vieira Lins e Al\u00edrio Paz. O nomeado para o comando de policiamento regional da PM foi Arilson da Silva Val\u00e9rio.<\/p>\n<p>Na Pol\u00edcia Civil, houve mudan\u00e7a em 15 delegacias, entre elas seccionais e especializadas. O delegado Lucas S\u00e1, que j\u00e1 havia sido realocado para o cargo de delegado adjunto de Delegacia Especializada no dia 31 de outubro de 2018, foi nomeado nesta ter\u00e7a-feira para o cargo de delegado titular de Delegacia Distrital, no entanto, a publica\u00e7\u00e3o n\u00e3o informa qual a regi\u00e3o.<\/p>\n<p>Os delegados Alberto Jorge, Jorge Luis, Cristiano dos Santos e Hugo Pereira passam a integrar delegacias seccionais. J\u00e1 os delegados Ant\u00f4nio de Arruda, Eliane Medeiros, Ricardo Sena, Hector Nunes e Bruno Germano comandam a partir desta ter\u00e7a-feira a titularidade de Delegacias Especializadas. Diego Garcia, Jo\u00e3o Joaldo e Ranielle Vasconcelos passam a assumir os cargos de adjuntos tamb\u00e9m das Delegacias Especializadas.<\/p>\n<p>Al\u00e9m de Lucas S\u00e1, os delegados Jos\u00e9 Anselmo e Nelio Carneiro tamb\u00e9m passam a integrar o cargo de titular de Delegacia Distrital.<\/p>\n<p>No Corpo de Bombeiro, foram sete exonera\u00e7\u00f5es e oito nomea\u00e7\u00f5es, tamb\u00e9m com mudan\u00e7as nos comandos dos batalh\u00f5es.<\/p>\n<\/div>\n","protected":false},"excerpt":{"rendered":"<p>O governador da Para\u00edba, Jo\u00e3o Azev\u00eado (PSB), alterou os comandos das Pol\u00edcias Civil e Militar e do Corpo de Bombeiros. As mudan\u00e7as foram publicadas no&hellip; <\/p>\n","protected":false},"author":1,"featured_media":81138,"comment_status":"closed","ping_status":"closed","sticky":false,"template":"","format":"standard","meta":{"sfsi_plus_gutenberg_text_before_share":"","sfsi_plus_gutenberg_show_text_before_share":"","sfsi_plus_gutenberg_icon_type":"","sfsi_plus_gutenberg_icon_alignemt":"","sfsi_plus_gutenburg_max_per_row":"","footnotes":""},"categories":[50,2],"tags":[],"class_list":["post-81137","post","type-post","status-publish","format-standard","has-post-thumbnail","hentry","category-destaque","category-geral"],"_links":{"self":[{"href":"https:\/\/www.caririemacao.com\/1\/wp-json\/wp\/v2\/posts\/81137","targetHints":{"allow":["GET"]}}],"collection":[{"href":"https:\/\/www.caririemacao.com\/1\/wp-json\/wp\/v2\/posts"}],"about":[{"href":"https:\/\/www.caririemacao.com\/1\/wp-json\/wp\/v2\/types\/post"}],"author":[{"embeddable":true,"href":"https:\/\/www.caririemacao.com\/1\/wp-json\/wp\/v2\/users\/1"}],"replies":[{"embeddable":true,"href":"https:\/\/www.caririemacao.com\/1\/wp-json\/wp\/v2\/comments?post=81137"}],"version-history":[{"count":1,"href":"https:\/\/www.caririemacao.com\/1\/wp-json\/wp\/v2\/posts\/81137\/revisions"}],"predecessor-version":[{"id":81139,"href":"https:\/\/www.caririemacao.com\/1\/wp-json\/wp\/v2\/posts\/81137\/revisions\/81139"}],"wp:featuredmedia":[{"embeddable":true,"href":"https:\/\/www.caririemacao.com\/1\/wp-json\/wp\/v2\/media\/81138"}],"wp:attachment":[{"href":"https:\/\/www.caririemacao.com\/1\/wp-json\/wp\/v2\/media?parent=81137"}],"wp:term":[{"taxonomy":"category","embeddable":true,"href":"https:\/\/www.caririemacao.com\/1\/wp-json\/wp\/v2\/categories?post=81137"},{"taxonomy":"post_tag","embeddable":true,"href":"https:\/\/www.caririemacao.com\/1\/wp-json\/wp\/v2\/tags?post=81137"}],"curies":[{"name":"wp","href":"https:\/\/api.w.org\/{rel}","templated":true}]}}