{"id":81143,"date":"2019-01-15T12:26:30","date_gmt":"2019-01-15T15:26:30","guid":{"rendered":"http:\/\/www.caririemacao.com\/1\/?p=81143"},"modified":"2019-01-15T12:26:30","modified_gmt":"2019-01-15T15:26:30","slug":"bolsonaro-assina-decreto-que-flexibiliza-posse-de-arma-para-que-o-cidadao-de-bem-possa-ter-paz-dentro-de-casa","status":"publish","type":"post","link":"https:\/\/www.caririemacao.com\/1\/2019\/01\/15\/bolsonaro-assina-decreto-que-flexibiliza-posse-de-arma-para-que-o-cidadao-de-bem-possa-ter-paz-dentro-de-casa\/","title":{"rendered":"Bolsonaro assina decreto que flexibiliza posse de arma &#8220;para que o cidad\u00e3o de bem possa ter paz dentro de casa&#8221;"},"content":{"rendered":"<p>O presidente Jair Bolsonaro assinou nesta ter\u00e7a-feira e decreto que flexibiliza a posse de armas no Brasil. De acordo com o presidente, o povo decidiu por comprar armas e muni\u00e7\u00f5es e a assinatura do decreto \u00e9 &#8220;para que o cidad\u00e3o de bem possa ter paz dentro de casa&#8221;.<\/p>\n<p>Bolsonaro falou ainda no recadastramento de armas e disse que a Pol\u00edcia Federal pode fazer conv\u00eanios com as pol\u00edcias Civil e Militar para assimilar toda a demanda.<\/p>\n<p>A posse de arma foi uma das bandeiras de campanha de Bolsonaro, que foi eleito com mais de 57 milh\u00f5es de votos e tendo como s\u00edmbolo uma &#8216;arminha&#8217; feita com as m\u00e3os.<\/p>\n<p><strong>Leia a \u00edntegra do decreto assinado nesta ter\u00e7a-feira:<\/strong><\/p>\n<p>Altera o Decreto n\u00ba 5.123, de 1\u00ba de julho de 2004, que regulamenta a Lei n\u00ba 10.826, de 22 de dezembro de 2003, que disp\u00f5e sobre registro, posse e comercializa\u00e7\u00e3o de armas de fogo e muni\u00e7\u00e3o, sobre o Sistema Nacional de Armas \u2013 SINARM e define crimes.<\/p>\n<p>O PRESIDENTE DA REP\u00daBLICA, no uso da atribui\u00e7\u00e3o que lhe confere o art. 84, caput, inciso IV, da Constitui\u00e7\u00e3o, e tendo em vista o disposto na Lei n\u00ba 10.826, de 22 de dezembro de 2003,<\/p>\n<p>DECRETA:<\/p>\n<p>Art. 1\u00ba O Decreto n\u00ba 5.123, de 1\u00ba de julho de 2004, passa a vigorar com as seguintes altera\u00e7\u00f5es:<\/p>\n<p>\u201cArt. 12. \u2026\u2026\u2026\u2026\u2026\u2026\u2026\u2026\u2026\u2026\u2026\u2026\u2026\u2026\u2026\u2026\u2026\u2026\u2026\u2026\u2026\u2026\u2026\u2026\u2026\u2026\u2026\u2026\u2026\u2026\u2026\u2026\u2026\u2026<\/p>\n<p>\u2026\u2026\u2026\u2026\u2026\u2026\u2026\u2026\u2026\u2026\u2026\u2026\u2026\u2026\u2026\u2026\u2026\u2026\u2026\u2026\u2026\u2026\u2026\u2026\u2026\u2026\u2026\u2026\u2026\u2026\u2026\u2026\u2026\u2026\u2026\u2026\u2026\u2026\u2026<\/p>\n<p>VIII \u2013 na hip\u00f3tese de resid\u00eancia habitada tamb\u00e9m por crian\u00e7a, adolescente ou pessoa com defici\u00eancia mental, apresentar declara\u00e7\u00e3o de que a sua resid\u00eancia possui cofre ou local seguro com tranca para armazenamento.<\/p>\n<p>\u00a7 1\u00ba Presume-se a veracidade dos fatos e das circunst\u00e2ncias afirmadas na declara\u00e7\u00e3o de efetiva necessidade a que se refere o inciso I do caput, a qual ser\u00e1 examinada pela Pol\u00edcia Federal nos termos deste artigo.<\/p>\n<p>\u2026\u2026\u2026\u2026\u2026\u2026\u2026\u2026\u2026\u2026\u2026\u2026\u2026\u2026\u2026\u2026\u2026\u2026\u2026\u2026\u2026\u2026\u2026\u2026\u2026\u2026\u2026\u2026\u2026\u2026\u2026\u2026\u2026\u2026\u2026\u2026\u2026\u2026\u2026<\/p>\n<p>\u00a7 7\u00ba Para a aquisi\u00e7\u00e3o de armas de fogo de uso permitido, considera-se presente a efetiva necessidade nas seguintes hip\u00f3teses:<\/p>\n<p>I \u2013 agentes p\u00fablicos, inclusive os inativos:<\/p>\n<p>a) da \u00e1rea de seguran\u00e7a p\u00fablica;<\/p>\n<p>b) integrantes das carreiras da Ag\u00eancia Brasileira de Intelig\u00eancia;<\/p>\n<p>c) da administra\u00e7\u00e3o penitenci\u00e1ria;<\/p>\n<p>d) do sistema socioeducativo, desde que lotados nas unidades de interna\u00e7\u00e3o a que se refere o inciso VI do caput do art. 112 da Lei n\u00ba 8.069, de 13 de julho de 1990; e<\/p>\n<p>e) envolvidos no exerc\u00edcio de atividades de poder de pol\u00edcia administrativa ou de correi\u00e7\u00e3o em car\u00e1ter permanente;<\/p>\n<p>II \u2013 militares ativos e inativos;<\/p>\n<p>III \u2013 residentes em \u00e1rea rural;<\/p>\n<p>IV \u2013 residentes em \u00e1reas urbanas com elevados \u00edndices de viol\u00eancia, assim consideradas aquelas localizadas em unidades federativas com \u00edndices anuais de mais de dez homic\u00eddios por cem mil habitantes, no ano de 2016, conforme os dados do Atlas da Viol\u00eancia 2018, produzido pelo Instituto de Pesquisa Econ\u00f4mica Aplicada e pelo F\u00f3rum Brasileiro de Seguran\u00e7a P\u00fablica;<\/p>\n<p>V \u2013 titulares ou respons\u00e1veis legais de estabelecimentos comerciais ou industriais; e<\/p>\n<p>VI \u2013 colecionadores, atiradores e ca\u00e7adores, devidamente registrados no Comando do Ex\u00e9rcito.<\/p>\n<p>\u00a7 8\u00ba O disposto no \u00a7 7\u00ba se aplica para a aquisi\u00e7\u00e3o de at\u00e9 quatro armas de fogo de uso permitido e n\u00e3o exclui a caracteriza\u00e7\u00e3o da efetiva necessidade se presentes outros fatos e circunst\u00e2ncias que a justifiquem, inclusive para a aquisi\u00e7\u00e3o de armas de fogo de uso permitido em quantidade superior a esse limite, conforme legisla\u00e7\u00e3o vigente.<\/p>\n<p>\u00a7 9\u00ba Constituem raz\u00f5es para o indeferimento do pedido ou para o cancelamento do registro:<\/p>\n<p>I \u2013 a aus\u00eancia dos requisitos a que se referem os incisos I a VII do caput; e<\/p>\n<p>II \u2013 quando houver comprova\u00e7\u00e3o de que o requerente:<\/p>\n<p>a) prestou a declara\u00e7\u00e3o de efetiva necessidade com afirma\u00e7\u00f5es falsas;<\/p>\n<p>b) mant\u00e9m v\u00ednculo com grupos criminosos; e<\/p>\n<p>c) age como pessoa interposta de quem n\u00e3o preenche os requisitos a que se referem os incisos I a VII do caput.<\/p>\n<p>\u00a7 10. A inobserv\u00e2ncia do disposto no inciso VIII do caput sujeitar\u00e1 o interessado \u00e0 pena prevista no art. 13 da Lei n\u00ba 10.826, de 2003.\u201d (NR)<\/p>\n<p>\u201cArt. 15. \u2026\u2026\u2026\u2026\u2026\u2026\u2026\u2026\u2026\u2026\u2026\u2026\u2026\u2026\u2026\u2026\u2026\u2026\u2026\u2026\u2026\u2026\u2026\u2026\u2026\u2026\u2026\u2026\u2026\u2026\u2026\u2026\u2026\u2026<\/p>\n<p>Par\u00e1grafo \u00fanico. Os dados de que tratam o inciso I e a al\u00ednea \u201cb\u201d do inciso II do caput ser\u00e3o substitu\u00eddos pelo n\u00famero de matr\u00edcula funcional, na hip\u00f3tese em que o cadastro no SIGMA ou no SINARM estiver relacionado com armas de fogo pertencentes a integrantes da Ag\u00eancia Brasileira de Intelig\u00eancia.\u201d (NR)<\/p>\n<p>\u201cArt. 16. \u2026\u2026\u2026\u2026\u2026\u2026\u2026\u2026\u2026\u2026\u2026\u2026\u2026\u2026\u2026\u2026\u2026\u2026\u2026\u2026\u2026\u2026\u2026\u2026\u2026\u2026\u2026\u2026\u2026\u2026\u2026\u2026\u2026\u2026<\/p>\n<p>\u2026\u2026\u2026\u2026\u2026\u2026\u2026\u2026\u2026\u2026\u2026\u2026\u2026\u2026\u2026\u2026\u2026\u2026\u2026\u2026\u2026\u2026\u2026\u2026\u2026\u2026\u2026\u2026\u2026\u2026\u2026\u2026\u2026\u2026\u2026\u2026\u2026\u2026\u2026<\/p>\n<p>\u00a7 2\u00ba Os requisitos de que tratam os incisos IV, V, VI e VII do caput do art. 12 dever\u00e3o ser comprovados, periodicamente, a cada dez anos, junto \u00e0 Pol\u00edcia Federal, para fins de renova\u00e7\u00e3o do Certificado de Registro.<\/p>\n<p>\u2026\u2026\u2026\u2026\u2026\u2026\u2026\u2026\u2026\u2026\u2026\u2026\u2026\u2026\u2026\u2026\u2026\u2026\u2026\u2026\u2026\u2026\u2026\u2026\u2026\u2026\u2026\u2026\u2026\u2026\u2026\u2026\u2026\u2026\u2026..\u201d (NR)<\/p>\n<p>\u201cArt. 18. \u2026\u2026\u2026\u2026\u2026\u2026\u2026\u2026\u2026\u2026\u2026\u2026\u2026\u2026\u2026\u2026\u2026\u2026\u2026\u2026\u2026\u2026\u2026\u2026\u2026\u2026\u2026\u2026\u2026\u2026\u2026\u2026\u2026\u2026<\/p>\n<p>\u2026\u2026\u2026\u2026\u2026\u2026\u2026\u2026\u2026\u2026\u2026\u2026\u2026\u2026\u2026\u2026\u2026\u2026\u2026\u2026\u2026\u2026\u2026\u2026\u2026\u2026\u2026\u2026\u2026\u2026\u2026\u2026\u2026\u2026\u2026\u2026\u2026\u2026\u2026<\/p>\n<p>\u00a7 3\u00ba Os requisitos de que tratam os incisos IV, V, VI e VII do caput do art. 12 dever\u00e3o ser comprovados, periodicamente, a cada dez anos, junto ao Comando do Ex\u00e9rcito, para fins de renova\u00e7\u00e3o do Certificado de Registro.<\/p>\n<p>\u2026\u2026\u2026\u2026\u2026\u2026\u2026\u2026\u2026\u2026\u2026\u2026\u2026\u2026\u2026\u2026\u2026\u2026\u2026\u2026\u2026\u2026\u2026\u2026\u2026\u2026\u2026\u2026\u2026\u2026\u2026\u2026\u2026\u2026\u2026\u2026\u2026\u2026\u2026<\/p>\n<p>\u00a7 5\u00ba Os dados de que tratam o inciso I e a al\u00ednea \u201cb\u201d do inciso II do \u00a7 2\u00ba ser\u00e3o substitu\u00eddos pelo n\u00famero de matr\u00edcula funcional, na hip\u00f3tese em que o cadastro no SIGMA ou no SINARM estiver relacionado com armas de fogo pertencentes a integrantes da Ag\u00eancia Brasileira de Intelig\u00eancia.\u201d (NR)<\/p>\n<p>\u201cArt. 30. \u2026\u2026\u2026\u2026\u2026\u2026\u2026\u2026\u2026\u2026\u2026\u2026\u2026\u2026\u2026\u2026\u2026\u2026\u2026\u2026\u2026\u2026\u2026\u2026\u2026\u2026\u2026\u2026\u2026\u2026\u2026\u2026\u2026\u2026<\/p>\n<p>\u2026\u2026\u2026\u2026\u2026\u2026\u2026\u2026\u2026\u2026\u2026\u2026\u2026\u2026\u2026\u2026\u2026\u2026\u2026\u2026\u2026\u2026\u2026\u2026\u2026\u2026\u2026\u2026\u2026\u2026\u2026\u2026\u2026\u2026\u2026\u2026\u2026\u2026\u2026..<\/p>\n<p>\u00a7 4o As entidades de tiro desportivo e as empresas de instru\u00e7\u00e3o de tiro poder\u00e3o fornecer a seus associados e clientes, desde que obtida autoriza\u00e7\u00e3o espec\u00edfica e obedecidas as condi\u00e7\u00f5es e requisitos estabelecidos em ato do Comando do Ex\u00e9rcito, muni\u00e7\u00e3o recarregada para uso exclusivo nas depend\u00eancias da institui\u00e7\u00e3o em provas, cursos e treinamento.\u201d (NR)<\/p>\n<p>\u201cArt. 67-C. Quaisquer cadastros constantes do SIGMA ou do SINARM, na hip\u00f3tese em que estiverem relacionados com integrantes da Ag\u00eancia Brasileira de Intelig\u00eancia, dever\u00e3o possuir exclusivamente o n\u00famero de matr\u00edcula funcional como dado de qualifica\u00e7\u00e3o pessoal, inclu\u00eddos os relativos \u00e0 aquisi\u00e7\u00e3o e \u00e0 venda de armamento e \u00e0 comunica\u00e7\u00e3o de extravio, furto ou roubo de arma de fogo ou seus documentos.\u201d (NR)<\/p>\n<p>Art. 2\u00ba Os Certificados de Registro de Arma de Fogo expedidos antes da data de publica\u00e7\u00e3o deste Decreto ficam automaticamente renovados pelo prazo a que se refere o \u00a7 2\u00ba do art. 16 do Decreto n\u00ba 5.123, de 2004.<\/p>\n<p>Art. 3\u00ba Para fins do disposto no inciso V do caput do art. 6\u00ba da Lei n\u00ba 10.826, de 22 de dezembro de 2003, consideram-se agentes operacionais da Ag\u00eancia Brasileira de Intelig\u00eancia os servidores e os empregados p\u00fablicos vinculados \u00e0quela Ag\u00eancia.<\/p>\n<p>Art. 4\u00ba Fica revogado o \u00a7 2\u00ba-A do art. 16 do Decreto n\u00ba 5.123, de 2004.<\/p>\n<p>Art. 5\u00ba Este Decreto entra em vigor na data de sua publica\u00e7\u00e3o.<\/p>\n<p>Bras\u00edlia, de de 2019; 198\u00ba da Independ\u00eancia e 131\u00ba da Rep\u00fablica.<\/p>\n","protected":false},"excerpt":{"rendered":"<p>O presidente Jair Bolsonaro assinou nesta ter\u00e7a-feira e decreto que flexibiliza a posse de armas no Brasil. De acordo com o presidente, o povo decidiu&hellip; <\/p>\n","protected":false},"author":1,"featured_media":64090,"comment_status":"closed","ping_status":"closed","sticky":false,"template":"","format":"standard","meta":{"sfsi_plus_gutenberg_text_before_share":"","sfsi_plus_gutenberg_show_text_before_share":"","sfsi_plus_gutenberg_icon_type":"","sfsi_plus_gutenberg_icon_alignemt":"","sfsi_plus_gutenburg_max_per_row":"","footnotes":""},"categories":[50,11],"tags":[],"class_list":["post-81143","post","type-post","status-publish","format-standard","has-post-thumbnail","hentry","category-destaque","category-politica"],"_links":{"self":[{"href":"https:\/\/www.caririemacao.com\/1\/wp-json\/wp\/v2\/posts\/81143","targetHints":{"allow":["GET"]}}],"collection":[{"href":"https:\/\/www.caririemacao.com\/1\/wp-json\/wp\/v2\/posts"}],"about":[{"href":"https:\/\/www.caririemacao.com\/1\/wp-json\/wp\/v2\/types\/post"}],"author":[{"embeddable":true,"href":"https:\/\/www.caririemacao.com\/1\/wp-json\/wp\/v2\/users\/1"}],"replies":[{"embeddable":true,"href":"https:\/\/www.caririemacao.com\/1\/wp-json\/wp\/v2\/comments?post=81143"}],"version-history":[{"count":1,"href":"https:\/\/www.caririemacao.com\/1\/wp-json\/wp\/v2\/posts\/81143\/revisions"}],"predecessor-version":[{"id":81146,"href":"https:\/\/www.caririemacao.com\/1\/wp-json\/wp\/v2\/posts\/81143\/revisions\/81146"}],"wp:featuredmedia":[{"embeddable":true,"href":"https:\/\/www.caririemacao.com\/1\/wp-json\/wp\/v2\/media\/64090"}],"wp:attachment":[{"href":"https:\/\/www.caririemacao.com\/1\/wp-json\/wp\/v2\/media?parent=81143"}],"wp:term":[{"taxonomy":"category","embeddable":true,"href":"https:\/\/www.caririemacao.com\/1\/wp-json\/wp\/v2\/categories?post=81143"},{"taxonomy":"post_tag","embeddable":true,"href":"https:\/\/www.caririemacao.com\/1\/wp-json\/wp\/v2\/tags?post=81143"}],"curies":[{"name":"wp","href":"https:\/\/api.w.org\/{rel}","templated":true}]}}