{"id":81150,"date":"2019-01-15T13:49:24","date_gmt":"2019-01-15T16:49:24","guid":{"rendered":"http:\/\/www.caririemacao.com\/1\/?p=81150"},"modified":"2019-01-15T13:49:24","modified_gmt":"2019-01-15T16:49:24","slug":"com-black-friday-vendas-no-varejo-brasileiro-avancam-em-novembro","status":"publish","type":"post","link":"https:\/\/www.caririemacao.com\/1\/2019\/01\/15\/com-black-friday-vendas-no-varejo-brasileiro-avancam-em-novembro\/","title":{"rendered":"Com Black Friday, vendas no varejo brasileiro avan\u00e7am em novembro"},"content":{"rendered":"<div class=\"content\">\n<p>Puxado pelas promo\u00e7\u00f5es da Black Friday, o volume de vendas no varejo subiu 2,9% em novembro, na compara\u00e7\u00e3o com o m\u00eas anterior, e registrou a segunda maior alta mensal da s\u00e9rie hist\u00f3rica iniciada em 2000, informou o IBGE nesta ter\u00e7a-feira (15).<\/p>\n<p>Em rela\u00e7\u00e3o ao mesmo per\u00edodo do ano anterior, o crescimento foi de 4,4%.<\/p>\n<p>A alta de novembro s\u00f3 n\u00e3o superou a de janeiro de 2017, quando as vendas cresceram 4% em rela\u00e7\u00e3o a dezembro de 2016. O avan\u00e7o em novembro\u00a0tamb\u00e9m\u00a0interrompe duas taxas negativas consecutivas, per\u00edodo em que o varejo acumulou perda de 1,8%.<\/p>\n<p>\u201cO resultado de novembro compensou essa queda. A recupera\u00e7\u00e3o fica evidente n\u00e3o s\u00f3 pela taxa expressiva, mas pelo perfil predominantemente positivo entre as atividades\u201d, disse\u00a0a gerente da pesquisa, Isabella Nunes.<\/p>\n<p>Segundo o IBGE, um indicador da import\u00e2ncia das promo\u00e7\u00f5es no resultado positivo foi a forte alta do grupo outros\u00a0artigos de uso\u00a0pessoal e dom\u00e9stico, que cresceu 6,9% frente a outubro (quando avan\u00e7ou apenas 0,6%)\u00a0e 16,9% em rela\u00e7\u00e3o a novembro de 2017. A categoria engloba\u00a0lojas de departamentos, \u00f3ticas, joalherias, artigos esportivos, brinquedos, entre outros.<\/p>\n<p>\u201cQuem mais influenciou o resultado positivo foram justamente as atividades mais sens\u00edveis \u00e0s promo\u00e7\u00f5es da Black Friday. S\u00e3o atividades que t\u00eam uma concentra\u00e7\u00e3o de empresas que se beneficiam mais das vendas online, que \u00e9 o foco das promo\u00e7\u00f5es de novembro. Observamos isso em rela\u00e7\u00e3o a outubro, mas tamb\u00e9m com rela\u00e7\u00e3o a novembro do ano passado\u201d, afirma Nunes.<\/p>\n<p>Destaque tamb\u00e9m para as categorias\u00a0de m\u00f3veis e eletrodom\u00e9sticos, que cresceu 5% em novembro na compara\u00e7\u00e3o mensal, e de artigos farmac\u00eauticos, m\u00e9dios e ortop\u00e9dicos, com alta de 2,8%.<\/p>\n<p>Com o\u00a0resultado,\u00a0o\u00a0com\u00e9rcio acumula\u00a0alta de 2,5% em 2018 e de 2,6% nos \u00faltimos 12 meses.<\/p>\n<p>\u201cO patamar atual de vendas est\u00e1 pr\u00f3ximo de junho de 2015. Ele coloca o com\u00e9rcio na menor dist\u00e2ncia do pico da s\u00e9rie hist\u00f3rica desde ent\u00e3o. Por\u00e9m, mesmo com esse avan\u00e7o importante, ainda est\u00e1 5,1% abaixo do recorde, que foi em outubro de 2014\u201d, diz Nunes.<\/p>\n<p>O\u00a0chamado varejo ampliado, que inclui material de constru\u00e7\u00e3o e ve\u00edculos, teve alta de 1,5% em novembro em rela\u00e7\u00e3o a outubro e 5,8% na compara\u00e7\u00e3o com 2017.<\/p>\n<\/div>\n<div>\n<div class=\"ssbp-set--one ssbp-wrap ssbp--centred ssbp--theme-4\">\n<div class=\"ssbp-container\" data-ssbp-share-text=\"\" data-ssbp-url=\"https:\/\/paraibaonline.com.br\/2019\/01\/com-black-friday-vendas-no-varejo-brasileiro-avancam-em-novembro\/\" data-ssbp-title=\"Com Black Friday, vendas no varejo brasileiro avan\u00e7am em novembro\" data-ssbp-short-url=\"\" data-ssbp-post-id=\"560724\"><\/div>\n<\/div>\n<\/div>\n","protected":false},"excerpt":{"rendered":"<p>Puxado pelas promo\u00e7\u00f5es da Black Friday, o volume de vendas no varejo subiu 2,9% em novembro, na compara\u00e7\u00e3o com o m\u00eas anterior, e registrou a&hellip; <\/p>\n","protected":false},"author":1,"featured_media":81151,"comment_status":"closed","ping_status":"closed","sticky":false,"template":"","format":"standard","meta":{"sfsi_plus_gutenberg_text_before_share":"","sfsi_plus_gutenberg_show_text_before_share":"","sfsi_plus_gutenberg_icon_type":"","sfsi_plus_gutenberg_icon_alignemt":"","sfsi_plus_gutenburg_max_per_row":"","footnotes":""},"categories":[2],"tags":[],"class_list":["post-81150","post","type-post","status-publish","format-standard","has-post-thumbnail","hentry","category-geral"],"_links":{"self":[{"href":"https:\/\/www.caririemacao.com\/1\/wp-json\/wp\/v2\/posts\/81150","targetHints":{"allow":["GET"]}}],"collection":[{"href":"https:\/\/www.caririemacao.com\/1\/wp-json\/wp\/v2\/posts"}],"about":[{"href":"https:\/\/www.caririemacao.com\/1\/wp-json\/wp\/v2\/types\/post"}],"author":[{"embeddable":true,"href":"https:\/\/www.caririemacao.com\/1\/wp-json\/wp\/v2\/users\/1"}],"replies":[{"embeddable":true,"href":"https:\/\/www.caririemacao.com\/1\/wp-json\/wp\/v2\/comments?post=81150"}],"version-history":[{"count":1,"href":"https:\/\/www.caririemacao.com\/1\/wp-json\/wp\/v2\/posts\/81150\/revisions"}],"predecessor-version":[{"id":81152,"href":"https:\/\/www.caririemacao.com\/1\/wp-json\/wp\/v2\/posts\/81150\/revisions\/81152"}],"wp:featuredmedia":[{"embeddable":true,"href":"https:\/\/www.caririemacao.com\/1\/wp-json\/wp\/v2\/media\/81151"}],"wp:attachment":[{"href":"https:\/\/www.caririemacao.com\/1\/wp-json\/wp\/v2\/media?parent=81150"}],"wp:term":[{"taxonomy":"category","embeddable":true,"href":"https:\/\/www.caririemacao.com\/1\/wp-json\/wp\/v2\/categories?post=81150"},{"taxonomy":"post_tag","embeddable":true,"href":"https:\/\/www.caririemacao.com\/1\/wp-json\/wp\/v2\/tags?post=81150"}],"curies":[{"name":"wp","href":"https:\/\/api.w.org\/{rel}","templated":true}]}}