{"id":81153,"date":"2019-01-15T13:52:47","date_gmt":"2019-01-15T16:52:47","guid":{"rendered":"http:\/\/www.caririemacao.com\/1\/?p=81153"},"modified":"2019-01-15T13:52:47","modified_gmt":"2019-01-15T16:52:47","slug":"detran-devera-fechar-posto-em-sao-joao-do-cariri-e-abrir-unidade-em-serra-branca","status":"publish","type":"post","link":"https:\/\/www.caririemacao.com\/1\/2019\/01\/15\/detran-devera-fechar-posto-em-sao-joao-do-cariri-e-abrir-unidade-em-serra-branca\/","title":{"rendered":"DETRAN dever\u00e1 fechar posto em S\u00e3o Jo\u00e3o do Cariri e abrir unidade em Serra Branca"},"content":{"rendered":"<p><strong>EXCLUSIVO:<\/strong>\u00a0O Departamento Estadual de Tr\u00e2nsito (Detran-PB) dever\u00e1 realizar altera\u00e7\u00f5es na regi\u00e3o do Cariri Paraibano.<\/p>\n<p>As informa\u00e7\u00f5es foram confirmadas pelo Superintendente do \u00f3rg\u00e3o, Agamenon Vieira, que participou do Jornal do Meio Dia da Serra Branca FM e declarou que, por quest\u00f5es t\u00e9cnicas, o posto localizado na cidade de S\u00e3o Jo\u00e3o do Cariri dever\u00e1 ser fechado.<\/p>\n<p>Segundo Agamenon, a medida dever\u00e1 ser adotada em 7 cidades da Para\u00edba onde os postos realizam pouco atendimentos. O superintendente disse que durante alguns meses o posto de S\u00e3o Jo\u00e3o do Cariri chega a ter em m\u00e9dia de um ou dois atendimentos por dia e isso n\u00e3o tem sido vi\u00e1vel para \u00f3rg\u00e3o de tr\u00e2nsito.<\/p>\n<p>De acordo com o Detran, a ideia \u00e9 abrir um posto com mais servi\u00e7os na vizinha cidade de Serra Branca, munic\u00edpio que polariza a regi\u00e3o central do cariri paraibano e dever\u00e1 assim atender uma maior demanda existente na regi\u00e3o.<\/p>\n<p>Informa\u00e7\u00f5es obtidas d\u00e3o conta que um local j\u00e1 est\u00e1 sendo viabilizado na cidade de Serra Branca para sediar o posto do \u00f3rg\u00e3o.<\/p>\n<p><strong>Para\u00edba Mix<\/strong><\/p>\n","protected":false},"excerpt":{"rendered":"<p>EXCLUSIVO:\u00a0O Departamento Estadual de Tr\u00e2nsito (Detran-PB) dever\u00e1 realizar altera\u00e7\u00f5es na regi\u00e3o do Cariri Paraibano. As informa\u00e7\u00f5es foram confirmadas pelo Superintendente do \u00f3rg\u00e3o, Agamenon Vieira, que&hellip; <\/p>\n","protected":false},"author":1,"featured_media":81154,"comment_status":"closed","ping_status":"closed","sticky":false,"template":"","format":"standard","meta":{"sfsi_plus_gutenberg_text_before_share":"","sfsi_plus_gutenberg_show_text_before_share":"","sfsi_plus_gutenberg_icon_type":"","sfsi_plus_gutenberg_icon_alignemt":"","sfsi_plus_gutenburg_max_per_row":"","footnotes":""},"categories":[50,2],"tags":[],"class_list":["post-81153","post","type-post","status-publish","format-standard","has-post-thumbnail","hentry","category-destaque","category-geral"],"_links":{"self":[{"href":"https:\/\/www.caririemacao.com\/1\/wp-json\/wp\/v2\/posts\/81153","targetHints":{"allow":["GET"]}}],"collection":[{"href":"https:\/\/www.caririemacao.com\/1\/wp-json\/wp\/v2\/posts"}],"about":[{"href":"https:\/\/www.caririemacao.com\/1\/wp-json\/wp\/v2\/types\/post"}],"author":[{"embeddable":true,"href":"https:\/\/www.caririemacao.com\/1\/wp-json\/wp\/v2\/users\/1"}],"replies":[{"embeddable":true,"href":"https:\/\/www.caririemacao.com\/1\/wp-json\/wp\/v2\/comments?post=81153"}],"version-history":[{"count":1,"href":"https:\/\/www.caririemacao.com\/1\/wp-json\/wp\/v2\/posts\/81153\/revisions"}],"predecessor-version":[{"id":81155,"href":"https:\/\/www.caririemacao.com\/1\/wp-json\/wp\/v2\/posts\/81153\/revisions\/81155"}],"wp:featuredmedia":[{"embeddable":true,"href":"https:\/\/www.caririemacao.com\/1\/wp-json\/wp\/v2\/media\/81154"}],"wp:attachment":[{"href":"https:\/\/www.caririemacao.com\/1\/wp-json\/wp\/v2\/media?parent=81153"}],"wp:term":[{"taxonomy":"category","embeddable":true,"href":"https:\/\/www.caririemacao.com\/1\/wp-json\/wp\/v2\/categories?post=81153"},{"taxonomy":"post_tag","embeddable":true,"href":"https:\/\/www.caririemacao.com\/1\/wp-json\/wp\/v2\/tags?post=81153"}],"curies":[{"name":"wp","href":"https:\/\/api.w.org\/{rel}","templated":true}]}}