{"id":81156,"date":"2019-01-15T13:54:07","date_gmt":"2019-01-15T16:54:07","guid":{"rendered":"http:\/\/www.caririemacao.com\/1\/?p=81156"},"modified":"2019-01-15T13:54:07","modified_gmt":"2019-01-15T16:54:07","slug":"fluminense-anuncia-contratacao-de-jogador-do-atletico-de-madrid","status":"publish","type":"post","link":"https:\/\/www.caririemacao.com\/1\/2019\/01\/15\/fluminense-anuncia-contratacao-de-jogador-do-atletico-de-madrid\/","title":{"rendered":"Fluminense anuncia contrata\u00e7\u00e3o de jogador do Atl\u00e9tico de Madrid"},"content":{"rendered":"<div class=\"content\">\n<p>O Fluminense anunciou a contrata\u00e7\u00e3o do meia Caio Henrique, 21, que atuou por empr\u00e9stimo pelo Paran\u00e1 no Campeonato Brasileiro de 2018. Ele pertence ao Atl\u00e9tico de Madrid e foi liberado pelos espanh\u00f3is para assinar contrato por um ano com o clube tricolor.<\/p>\n<p>Os moldes do v\u00ednculo com os cariocas ser\u00e3o os mesmos que com os paranaenses. Ou seja, tamb\u00e9m no formato de empr\u00e9stimo. O refor\u00e7o para o setor era visto como priorit\u00e1rio ap\u00f3s a sa\u00edda de Sornoza, que se transferiu para o Corinthians.<\/p>\n<p>Caio Henrique foi revelado pelo Santos e foi comprado pelo Atl\u00e9tico de Madrid ainda para a categoria sub-20, pela qual chegou \u00e0 sele\u00e7\u00e3o brasileira. No Paran\u00e1, disputou 27 partidas e fez tr\u00eas gols.<\/p>\n<p>Al\u00e9m da nova contrata\u00e7\u00e3o, o Flu se refor\u00e7ou com Bruno Silva, Matheus Ferraz, Mateus Gon\u00e7alves, Ezequiel e Agenor. O colombiano Yoni Gonz\u00e1lez j\u00e1 foi confirmado, mas ainda n\u00e3o foi apresentado.<\/p>\n<\/div>\n<div class=\"ssbp-container\" data-ssbp-share-text=\"\" data-ssbp-url=\"https:\/\/paraibaonline.com.br\/esportes\/fluminense-anuncia-contratacao-de-jogador-do-atletico-de-madrid\/\" data-ssbp-title=\"Fluminense anuncia contrata\u00e7\u00e3o de jogador do Atl\u00e9tico de Madrid\" data-ssbp-short-url=\"\" data-ssbp-post-id=\"560727\"><\/div>\n<div data-ssbp-share-text=\"\" data-ssbp-url=\"https:\/\/paraibaonline.com.br\/esportes\/fluminense-anuncia-contratacao-de-jogador-do-atletico-de-madrid\/\" data-ssbp-title=\"Fluminense anuncia contrata\u00e7\u00e3o de jogador do Atl\u00e9tico de Madrid\" data-ssbp-short-url=\"\" data-ssbp-post-id=\"560727\"><\/div>\n<div data-ssbp-share-text=\"\" data-ssbp-url=\"https:\/\/paraibaonline.com.br\/esportes\/fluminense-anuncia-contratacao-de-jogador-do-atletico-de-madrid\/\" data-ssbp-title=\"Fluminense anuncia contrata\u00e7\u00e3o de jogador do Atl\u00e9tico de Madrid\" data-ssbp-short-url=\"\" data-ssbp-post-id=\"560727\">FolhaPress<\/div>\n","protected":false},"excerpt":{"rendered":"<p>O Fluminense anunciou a contrata\u00e7\u00e3o do meia Caio Henrique, 21, que atuou por empr\u00e9stimo pelo Paran\u00e1 no Campeonato Brasileiro de 2018. Ele pertence ao Atl\u00e9tico&hellip; <\/p>\n","protected":false},"author":1,"featured_media":81157,"comment_status":"closed","ping_status":"closed","sticky":false,"template":"","format":"standard","meta":{"sfsi_plus_gutenberg_text_before_share":"","sfsi_plus_gutenberg_show_text_before_share":"","sfsi_plus_gutenberg_icon_type":"","sfsi_plus_gutenberg_icon_alignemt":"","sfsi_plus_gutenburg_max_per_row":"","footnotes":""},"categories":[13],"tags":[],"class_list":["post-81156","post","type-post","status-publish","format-standard","has-post-thumbnail","hentry","category-esportes"],"_links":{"self":[{"href":"https:\/\/www.caririemacao.com\/1\/wp-json\/wp\/v2\/posts\/81156","targetHints":{"allow":["GET"]}}],"collection":[{"href":"https:\/\/www.caririemacao.com\/1\/wp-json\/wp\/v2\/posts"}],"about":[{"href":"https:\/\/www.caririemacao.com\/1\/wp-json\/wp\/v2\/types\/post"}],"author":[{"embeddable":true,"href":"https:\/\/www.caririemacao.com\/1\/wp-json\/wp\/v2\/users\/1"}],"replies":[{"embeddable":true,"href":"https:\/\/www.caririemacao.com\/1\/wp-json\/wp\/v2\/comments?post=81156"}],"version-history":[{"count":1,"href":"https:\/\/www.caririemacao.com\/1\/wp-json\/wp\/v2\/posts\/81156\/revisions"}],"predecessor-version":[{"id":81158,"href":"https:\/\/www.caririemacao.com\/1\/wp-json\/wp\/v2\/posts\/81156\/revisions\/81158"}],"wp:featuredmedia":[{"embeddable":true,"href":"https:\/\/www.caririemacao.com\/1\/wp-json\/wp\/v2\/media\/81157"}],"wp:attachment":[{"href":"https:\/\/www.caririemacao.com\/1\/wp-json\/wp\/v2\/media?parent=81156"}],"wp:term":[{"taxonomy":"category","embeddable":true,"href":"https:\/\/www.caririemacao.com\/1\/wp-json\/wp\/v2\/categories?post=81156"},{"taxonomy":"post_tag","embeddable":true,"href":"https:\/\/www.caririemacao.com\/1\/wp-json\/wp\/v2\/tags?post=81156"}],"curies":[{"name":"wp","href":"https:\/\/api.w.org\/{rel}","templated":true}]}}