{"id":81159,"date":"2019-01-15T13:55:45","date_gmt":"2019-01-15T16:55:45","guid":{"rendered":"http:\/\/www.caririemacao.com\/1\/?p=81159"},"modified":"2019-01-15T13:55:45","modified_gmt":"2019-01-15T16:55:45","slug":"stj-regulamenta-auxilio-moradia-para-ministros-e-juizes-federais","status":"publish","type":"post","link":"https:\/\/www.caririemacao.com\/1\/2019\/01\/15\/stj-regulamenta-auxilio-moradia-para-ministros-e-juizes-federais\/","title":{"rendered":"STJ regulamenta aux\u00edlio-moradia para ministros e ju\u00edzes federais"},"content":{"rendered":"<p>O presidente do Superior Tribunal de Justi\u00e7a (STJ), ministro Jo\u00e3o Ot\u00e1vio de Noronha, que tamb\u00e9m preside o Conselho Nacional da Justi\u00e7a Federal, regulamentou o pagamento do aux\u00edlio-moradia aos ju\u00edzes federais, refor\u00e7ando as restri\u00e7\u00f5es estabelecidas em dezembro pelo Conselho Nacional de Justi\u00e7a (CNJ).<\/p>\n<p>A resolu\u00e7\u00e3o foi publicada no\u00a0<em>Di\u00e1rio Oficial da Uni\u00e3o (DOU)<\/em>\u00a0desta ter\u00e7a-feira.<\/p>\n<div id=\"attachment_538322\" class=\"wp-caption aligncenter\"><img decoding=\"async\" class=\"wp-image-538322 size-full lazyload\" data-src=\"https:\/\/paraibaonline.com.br\/wp-content\/uploads\/2018\/12\/Jo%C3%A3o-Ot%C3%A1vio-Noronha.jpg\" data-srcset=\"https:\/\/paraibaonline.com.br\/wp-content\/uploads\/2018\/12\/Jo\u00e3o-Ot\u00e1vio-Noronha.jpg 800w, https:\/\/paraibaonline.com.br\/wp-content\/uploads\/2018\/12\/Jo\u00e3o-Ot\u00e1vio-Noronha-556x417.jpg 556w\" alt=\"Foto: Ascom\/STJ\" src=\"data:image\/svg+xml;base64,PHN2ZyB3aWR0aD0iMSIgaGVpZ2h0PSIxIiB4bWxucz0iaHR0cDovL3d3dy53My5vcmcvMjAwMC9zdmciPjwvc3ZnPg==\" \/><\/p>\n<p class=\"wp-caption-text\">Foto: Ascom\/STJ<\/p>\n<\/div>\n<p>Na semana passada, Noronha j\u00e1 havia publicado resolu\u00e7\u00e3o que regulamentava o pagamento do benef\u00edcio a ministros do STJ, desta vez com a previs\u00e3o de que o magistrado somente poder\u00e1 receber o aux\u00edlio se n\u00e3o tiver im\u00f3vel pr\u00f3prio ou funcional no Distrito Federal, onde fica a sede do tribunal.<\/p>\n<p>Em sua\u00a0\u00faltima sess\u00e3o\u00a0do ano passado, o Conselho Nacional de Justi\u00e7a (CNJ) aprovou por unanimidade, numa vota\u00e7\u00e3o de poucos segundos, uma nova resolu\u00e7\u00e3o para o pagamento de aux\u00edlio-moradia aos magistrados brasileiros, no valor m\u00e1ximo de R$ 4.377,73.<\/p>\n<p>A resolu\u00e7\u00e3o do CNJ, publicada em 18 de dezembro, prev\u00ea ao menos cinco crit\u00e9rios que devem ser atendidos para que o magistrado, seja no \u00e2mbito federal ou estadual, possa ter direito ao aux\u00edlio-moradia. Segundo estimativa preliminar do CNJ, aproximadamente 180 ju\u00edzes estariam inclu\u00eddos em tais crit\u00e9rios, cerca de 1% da magistratura.<\/p>\n<p>Est\u00e3o entre os crit\u00e9rios que n\u00e3o haja im\u00f3vel funcional dispon\u00edvel ao magistrado; que c\u00f4njuge ou qualquer pessoa que resida com o magistrado n\u00e3o ocupe im\u00f3vel funcional; que o magistrado ou c\u00f4njuge n\u00e3o tenha im\u00f3vel pr\u00f3prio na comarca em que v\u00e1 atuar; que o magistrado esteja exercendo suas fun\u00e7\u00f5es em comarca diversa do que a sua original; que o dinheiro seja gasto exclusivamente com moradia.<\/p>\n<p>Ap\u00f3s a publica\u00e7\u00e3o da resolu\u00e7\u00e3o pelo CNJ, ficou a cargo de todos os \u00f3rg\u00e3os subordinados da Justi\u00e7a regulamentarem o pagamento do benef\u00edcio dentro dos moldes estabelecidos pelo conselho.<\/p>\n<p>At\u00e9 novembro do ano passado, o aux\u00edlio-moradia era pago a todos os magistrados, indiscriminadamente, por for\u00e7a de uma liminar concedida em 2014 pelo ministro Luiz Fux, do Supremo Tribunal Federal (STF). O pr\u00f3prio ministro revogou a decis\u00e3o ap\u00f3s o ent\u00e3o presidente Michel Temer ter sancionado lei que resultou num reajuste de 16,38% no sal\u00e1rio dos ju\u00edzes brasileiros.<\/p>\n","protected":false},"excerpt":{"rendered":"<p>O presidente do Superior Tribunal de Justi\u00e7a (STJ), ministro Jo\u00e3o Ot\u00e1vio de Noronha, que tamb\u00e9m preside o Conselho Nacional da Justi\u00e7a Federal, regulamentou o pagamento&hellip; <\/p>\n","protected":false},"author":1,"featured_media":81160,"comment_status":"closed","ping_status":"closed","sticky":false,"template":"","format":"standard","meta":{"sfsi_plus_gutenberg_text_before_share":"","sfsi_plus_gutenberg_show_text_before_share":"","sfsi_plus_gutenberg_icon_type":"","sfsi_plus_gutenberg_icon_alignemt":"","sfsi_plus_gutenburg_max_per_row":"","footnotes":""},"categories":[11],"tags":[],"class_list":["post-81159","post","type-post","status-publish","format-standard","has-post-thumbnail","hentry","category-politica"],"_links":{"self":[{"href":"https:\/\/www.caririemacao.com\/1\/wp-json\/wp\/v2\/posts\/81159","targetHints":{"allow":["GET"]}}],"collection":[{"href":"https:\/\/www.caririemacao.com\/1\/wp-json\/wp\/v2\/posts"}],"about":[{"href":"https:\/\/www.caririemacao.com\/1\/wp-json\/wp\/v2\/types\/post"}],"author":[{"embeddable":true,"href":"https:\/\/www.caririemacao.com\/1\/wp-json\/wp\/v2\/users\/1"}],"replies":[{"embeddable":true,"href":"https:\/\/www.caririemacao.com\/1\/wp-json\/wp\/v2\/comments?post=81159"}],"version-history":[{"count":1,"href":"https:\/\/www.caririemacao.com\/1\/wp-json\/wp\/v2\/posts\/81159\/revisions"}],"predecessor-version":[{"id":81161,"href":"https:\/\/www.caririemacao.com\/1\/wp-json\/wp\/v2\/posts\/81159\/revisions\/81161"}],"wp:featuredmedia":[{"embeddable":true,"href":"https:\/\/www.caririemacao.com\/1\/wp-json\/wp\/v2\/media\/81160"}],"wp:attachment":[{"href":"https:\/\/www.caririemacao.com\/1\/wp-json\/wp\/v2\/media?parent=81159"}],"wp:term":[{"taxonomy":"category","embeddable":true,"href":"https:\/\/www.caririemacao.com\/1\/wp-json\/wp\/v2\/categories?post=81159"},{"taxonomy":"post_tag","embeddable":true,"href":"https:\/\/www.caririemacao.com\/1\/wp-json\/wp\/v2\/tags?post=81159"}],"curies":[{"name":"wp","href":"https:\/\/api.w.org\/{rel}","templated":true}]}}