{"id":81225,"date":"2019-01-15T17:37:39","date_gmt":"2019-01-15T20:37:39","guid":{"rendered":"http:\/\/www.caririemacao.com\/1\/?p=81225"},"modified":"2019-01-15T17:37:39","modified_gmt":"2019-01-15T20:37:39","slug":"gravidas-que-respiram-ar-poluido-tem-maior-risco-de-aborto-espontaneo-diz-estudo","status":"publish","type":"post","link":"https:\/\/www.caririemacao.com\/1\/2019\/01\/15\/gravidas-que-respiram-ar-poluido-tem-maior-risco-de-aborto-espontaneo-diz-estudo\/","title":{"rendered":"Gr\u00e1vidas que respiram ar polu\u00eddo t\u00eam maior risco de aborto espont\u00e2neo, diz estudo"},"content":{"rendered":"<div class=\"noticiacorpo\">\n<div class=\"mc-column content-text active-extra-styles active-capital-letter\" data-block-type=\"unstyled\" data-block-weight=\"59\" data-block-id=\"2\">\n<p class=\"content-text__container theme-color-primary-first-letter\" data-track-category=\"Link no Texto\">Mulheres gr\u00e1vidas expostas a altos n\u00edveis de polui\u00e7\u00e3o do ar \u2013 mesmo que por um curto tempo \u2013 t\u00eam uma chance bem maior de sofrer aborto espont\u00e2neo do que quem respira ar puro, segundo um estudo da Universidade de Utah, nos Estados Unidos, publicado no m\u00eas passado na revista cient\u00edfica &#8220;Fertility and Sterility&#8221; (Fertilidade e Esterilidade, em tradu\u00e7\u00e3o livre).<\/p>\n<\/div>\n<div class=\"wall protected-content\">\n<div class=\"mc-column content-text active-extra-styles \" data-block-type=\"unstyled\" data-block-weight=\"41\" data-block-id=\"3\">\n<p class=\"content-text__container \" data-track-category=\"Link no Texto\">Os resultados mostram que altos n\u00edveis de um poluente chamado di\u00f3xido de nitrog\u00eanio (NO\u00b2) aumentam em 16% o risco de aborto espont\u00e2neo. Produzido pela queima de combust\u00edveis f\u00f3sseis, o NO\u00b2 \u00e9 um g\u00e1s bastante presente em diversos lugares polu\u00eddos no mundo.<\/p>\n<\/div>\n<div class=\"mc-column content-text active-extra-styles \" data-block-type=\"unstyled\" data-block-weight=\"34\" data-block-id=\"4\">\n<p class=\"content-text__container \" data-track-category=\"Link no Texto\">No Brasil, a contamina\u00e7\u00e3o por NO\u00b2 atinge diversos centros urbanos \u2013 S\u00e3o Paulo, Rio de Janeiro, Porto Alegre, Salvador \u2013, segundo a Plataforma de Qualidade do Ar do Instituto de Energia e Meio Ambiente.<\/p>\n<\/div>\n<div class=\"mc-column content-text active-extra-styles \" data-block-type=\"unstyled\" data-block-weight=\"38\" data-block-id=\"5\">\n<p class=\"content-text__container \" data-track-category=\"Link no Texto\">Estudos anteriores j\u00e1 haviam analisado o risco de aborto em casos em que a exposi\u00e7\u00e3o \u00e0 polui\u00e7\u00e3o \u00e9 prolongada. Mas essa \u00e9 a primeira vez que um estudo \u00e9 publicado com an\u00e1lise de exposi\u00e7\u00e3o por um curto per\u00edodo.<\/p>\n<p class=\"content-text__container \" data-track-category=\"Link no Texto\">&#8220;Notei um padr\u00e3o aparente entre a perda da gravidez e a qualidade do ar e resolvi investigar a fundo&#8221;, disse Matthew Fuller, um dos autores do estudo, ao divulg\u00e1-lo em dezembro.<\/p>\n<article>\n<div class=\"wall protected-content\">\n<div class=\"mc-column content-text active-extra-styles \" data-block-type=\"unstyled\" data-block-weight=\"30\" data-block-id=\"9\">\n<p class=\"content-text__container \" data-track-category=\"Link no Texto\">Na verdade, diz Fuller, respirar um ar muito polu\u00eddo por um curto tempo no primeiro trimestre da gravidez gera o mesmo perigo de perda do beb\u00ea do que fumar tabaco.<\/p>\n<\/div>\n<div class=\"mc-column content-text active-extra-styles \" data-block-type=\"unstyled\" data-block-weight=\"49\" data-block-id=\"10\">\n<p class=\"content-text__container \" data-track-category=\"Link no Texto\">A pesquisa foi uma an\u00e1lise de casos de aborto entre 2007 e 2015 e envolveu 1,3 mil mulheres do estado americano de Utah. Os pesquisadores analisaram o risco de aborto em um per\u00edodo de tr\u00eas a sete dias depois de picos de concentra\u00e7\u00e3o de poluentes do ar na regi\u00e3o.<\/p>\n<\/div>\n<div class=\"mc-column content-text active-extra-styles \" data-block-type=\"unstyled\" data-block-weight=\"13\" data-block-id=\"11\">\n<p class=\"content-text__container \" data-track-category=\"Link no Texto\">Mas, segundo os autores dos estudos, os resultados podem valer para outros locais.<\/p>\n<p class=\"content-text__container \" data-track-category=\"Link no Texto\">&#8220;Os problemas que vivemos por aqui n\u00e3o s\u00e3o exclusivos. Conforme a popula\u00e7\u00e3o aumentar, a polui\u00e7\u00e3o atmosf\u00e9rica vai se tornar um problema maior tanto nos Estados Unidos quanto nos pa\u00edses em desenvolvimento&#8221;, disse Fuller.<\/p>\n<\/div>\n<div class=\"mc-column content-text active-extra-styles \" data-block-type=\"unstyled\" data-block-weight=\"41\" data-block-id=\"13\">\n<p class=\"content-text__container \" data-track-category=\"Link no Texto\">A pesquisa foi feita de maneira que as mesmas mulheres foram analisadas em diferentes momentos (um tipo de estudo conhecido como cross-over), assim foi poss\u00edvel excluir outros fatores relativos ao risco de perda do beb\u00ea, como idade da m\u00e3e, por exemplo.<\/p>\n<\/div>\n<div class=\"mc-column content-text active-extra-styles \" data-block-type=\"unstyled\" data-block-weight=\"33\" data-block-id=\"14\">\n<p class=\"content-text__container \" data-track-category=\"Link no Texto\">Como analisou casos retrospectivos, o levantamento n\u00e3o foi capaz de analisar a idade do feto no momento do aborto, portanto n\u00e3o conseguiu apontar em que momento o feto fica mais vulner\u00e1vel \u00e0 polui\u00e7\u00e3o.<\/p>\n<\/div>\n<div data-track-category=\"multicontent\" data-track-action=\"ultimo chunk conteudo\" data-track-noninteraction=\"false\" data-track-scroll=\"view\">\n<div class=\"mc-column content-text active-extra-styles \" data-block-type=\"unstyled\" data-block-weight=\"29\" data-block-id=\"15\">\n<p class=\"content-text__container \" data-track-category=\"Link no Texto\">A pesquisadora Claire Leiser, que coordenou o estudo, reconhece que os resultados s\u00e3o um retrato restrito do problema e afirma que a quest\u00e3o precisa ser analisada mais a fundo.<\/p>\n<\/div>\n<\/div>\n<\/div>\n<\/article>\n<\/div>\n<\/div>\n<\/div>\n<p class=\"noticia_fonte\">G1<\/p>\n","protected":false},"excerpt":{"rendered":"<p>Mulheres gr\u00e1vidas expostas a altos n\u00edveis de polui\u00e7\u00e3o do ar \u2013 mesmo que por um curto tempo \u2013 t\u00eam uma chance bem maior de sofrer&hellip; <\/p>\n","protected":false},"author":1,"featured_media":81227,"comment_status":"closed","ping_status":"closed","sticky":false,"template":"","format":"standard","meta":{"sfsi_plus_gutenberg_text_before_share":"","sfsi_plus_gutenberg_show_text_before_share":"","sfsi_plus_gutenberg_icon_type":"","sfsi_plus_gutenberg_icon_alignemt":"","sfsi_plus_gutenburg_max_per_row":"","footnotes":""},"categories":[16],"tags":[],"class_list":["post-81225","post","type-post","status-publish","format-standard","has-post-thumbnail","hentry","category-saude"],"_links":{"self":[{"href":"https:\/\/www.caririemacao.com\/1\/wp-json\/wp\/v2\/posts\/81225","targetHints":{"allow":["GET"]}}],"collection":[{"href":"https:\/\/www.caririemacao.com\/1\/wp-json\/wp\/v2\/posts"}],"about":[{"href":"https:\/\/www.caririemacao.com\/1\/wp-json\/wp\/v2\/types\/post"}],"author":[{"embeddable":true,"href":"https:\/\/www.caririemacao.com\/1\/wp-json\/wp\/v2\/users\/1"}],"replies":[{"embeddable":true,"href":"https:\/\/www.caririemacao.com\/1\/wp-json\/wp\/v2\/comments?post=81225"}],"version-history":[{"count":1,"href":"https:\/\/www.caririemacao.com\/1\/wp-json\/wp\/v2\/posts\/81225\/revisions"}],"predecessor-version":[{"id":81228,"href":"https:\/\/www.caririemacao.com\/1\/wp-json\/wp\/v2\/posts\/81225\/revisions\/81228"}],"wp:featuredmedia":[{"embeddable":true,"href":"https:\/\/www.caririemacao.com\/1\/wp-json\/wp\/v2\/media\/81227"}],"wp:attachment":[{"href":"https:\/\/www.caririemacao.com\/1\/wp-json\/wp\/v2\/media?parent=81225"}],"wp:term":[{"taxonomy":"category","embeddable":true,"href":"https:\/\/www.caririemacao.com\/1\/wp-json\/wp\/v2\/categories?post=81225"},{"taxonomy":"post_tag","embeddable":true,"href":"https:\/\/www.caririemacao.com\/1\/wp-json\/wp\/v2\/tags?post=81225"}],"curies":[{"name":"wp","href":"https:\/\/api.w.org\/{rel}","templated":true}]}}