{"id":81229,"date":"2019-01-15T20:43:05","date_gmt":"2019-01-15T23:43:05","guid":{"rendered":"http:\/\/www.caririemacao.com\/1\/?p=81229"},"modified":"2019-01-16T09:05:34","modified_gmt":"2019-01-16T12:05:34","slug":"autoridades-participam-de-missa-em-acao-de-gracas-ao-aniversario-de-ouro-velho","status":"publish","type":"post","link":"https:\/\/www.caririemacao.com\/1\/2019\/01\/15\/autoridades-participam-de-missa-em-acao-de-gracas-ao-aniversario-de-ouro-velho\/","title":{"rendered":"Autoridades participam de missa em A\u00e7\u00e3o de Gra\u00e7as ao anivers\u00e1rio de Ouro Velho"},"content":{"rendered":"<p>Assim como no hasteamento, autoridades participaram, na tarde desta ter\u00e7a-feira, dia 15, na Igreja Nossa Senhora das Gra\u00e7as, da missa celebrada em a\u00e7\u00e3o de gra\u00e7as pelo 58\u00ba Anivers\u00e1rio de Emancipa\u00e7\u00e3o Pol\u00edtica de Ouro Velho.<\/p>\n<p>A prefeita Nat\u00e1lia Lira esteve acompanhada de toda sua equipe de governo, al\u00e9m da presen\u00e7a de vereadores e familiares. Ela aproveitou o momento para desejar parab\u00e9ns a cidade pelo seu anivers\u00e1rio.<\/p>\n<p>A celebra\u00e7\u00e3o, iniciada \u00e0s 17h, foi presidida pelo padre Eude Ara\u00fajo e contou com a participa\u00e7\u00e3o de v\u00e1rios ourovelhenses.<\/p>\n<p><a href=\"https:\/\/www.facebook.com\/pg\/CaririEmAcao\/photos\/?tab=album&amp;album_id=1456202587849093\">Clique AQUI e VEJA as Fotos:\u00a0<\/a><\/p>\n<p><strong>Cariri em A\u00e7\u00e3o<\/strong><\/p>\n","protected":false},"excerpt":{"rendered":"<p>Assim como no hasteamento, autoridades participaram, na tarde desta ter\u00e7a-feira, dia 15, na Igreja Nossa Senhora das Gra\u00e7as, da missa celebrada em a\u00e7\u00e3o de gra\u00e7as&hellip; <\/p>\n","protected":false},"author":1,"featured_media":81230,"comment_status":"closed","ping_status":"closed","sticky":false,"template":"","format":"standard","meta":{"sfsi_plus_gutenberg_text_before_share":"","sfsi_plus_gutenberg_show_text_before_share":"","sfsi_plus_gutenberg_icon_type":"","sfsi_plus_gutenberg_icon_alignemt":"","sfsi_plus_gutenburg_max_per_row":"","footnotes":""},"categories":[6],"tags":[],"class_list":["post-81229","post","type-post","status-publish","format-standard","has-post-thumbnail","hentry","category-cidades"],"_links":{"self":[{"href":"https:\/\/www.caririemacao.com\/1\/wp-json\/wp\/v2\/posts\/81229","targetHints":{"allow":["GET"]}}],"collection":[{"href":"https:\/\/www.caririemacao.com\/1\/wp-json\/wp\/v2\/posts"}],"about":[{"href":"https:\/\/www.caririemacao.com\/1\/wp-json\/wp\/v2\/types\/post"}],"author":[{"embeddable":true,"href":"https:\/\/www.caririemacao.com\/1\/wp-json\/wp\/v2\/users\/1"}],"replies":[{"embeddable":true,"href":"https:\/\/www.caririemacao.com\/1\/wp-json\/wp\/v2\/comments?post=81229"}],"version-history":[{"count":2,"href":"https:\/\/www.caririemacao.com\/1\/wp-json\/wp\/v2\/posts\/81229\/revisions"}],"predecessor-version":[{"id":81237,"href":"https:\/\/www.caririemacao.com\/1\/wp-json\/wp\/v2\/posts\/81229\/revisions\/81237"}],"wp:featuredmedia":[{"embeddable":true,"href":"https:\/\/www.caririemacao.com\/1\/wp-json\/wp\/v2\/media\/81230"}],"wp:attachment":[{"href":"https:\/\/www.caririemacao.com\/1\/wp-json\/wp\/v2\/media?parent=81229"}],"wp:term":[{"taxonomy":"category","embeddable":true,"href":"https:\/\/www.caririemacao.com\/1\/wp-json\/wp\/v2\/categories?post=81229"},{"taxonomy":"post_tag","embeddable":true,"href":"https:\/\/www.caririemacao.com\/1\/wp-json\/wp\/v2\/tags?post=81229"}],"curies":[{"name":"wp","href":"https:\/\/api.w.org\/{rel}","templated":true}]}}