{"id":81239,"date":"2019-01-16T11:50:52","date_gmt":"2019-01-16T14:50:52","guid":{"rendered":"http:\/\/www.caririemacao.com\/1\/?p=81239"},"modified":"2019-01-16T11:54:14","modified_gmt":"2019-01-16T14:54:14","slug":"shows-musicais-encerram-as-comemoracoes-do-aniversario-de-ouro-velho","status":"publish","type":"post","link":"https:\/\/www.caririemacao.com\/1\/2019\/01\/16\/shows-musicais-encerram-as-comemoracoes-do-aniversario-de-ouro-velho\/","title":{"rendered":"Shows musicais encerram as comemora\u00e7\u00f5es do anivers\u00e1rio de Ouro Velho"},"content":{"rendered":"\n<p>Como parte das comemora\u00e7\u00f5es aos 58 anos de emancipa\u00e7\u00e3o pol\u00edtica de Ouro Velho, a Prefeitura Municipal proporcionou \u00e0 popula\u00e7\u00e3o nesta ter\u00e7a-feira, dia 15, shows de Brasas do Forr\u00f3 e Harry Estigado.<\/p>\n\n\n\n<p><\/p>\n\n\n\n<figure class=\"wp-block-image\"><img fetchpriority=\"high\" decoding=\"async\" width=\"1024\" height=\"678\" src=\"http:\/\/www.caririemacao.com\/1\/wp-content\/uploads\/2019\/01\/DSC_7015-1024x678.jpg\" alt=\"\" class=\"wp-image-81243\" srcset=\"https:\/\/www.caririemacao.com\/1\/wp-content\/uploads\/2019\/01\/DSC_7015-1024x678.jpg 1024w, https:\/\/www.caririemacao.com\/1\/wp-content\/uploads\/2019\/01\/DSC_7015-300x199.jpg 300w, https:\/\/www.caririemacao.com\/1\/wp-content\/uploads\/2019\/01\/DSC_7015-768x509.jpg 768w, https:\/\/www.caririemacao.com\/1\/wp-content\/uploads\/2019\/01\/DSC_7015.jpg 1280w\" sizes=\"(max-width: 1024px) 100vw, 1024px\" \/><\/figure>\n\n\n\n<p>A prefeita Nat\u00e1lia, ao lado de seu esposo Dr. J\u00fanior, do deputado Tovar, vice-prefeito Fl\u00e1vio Henrique, secret\u00e1rios, vereadores, equipe de governo, amigos e familiares, esteve participando e agradecendo as pessoas por ter lhe proporcionando o a oportunidade de governar a cidade de Ouro Velho e fazer uma grande festa para os ourovelhenses. <\/p>\n\n\n\n<p>Os shows aconteceram no mesmo local onde foi inaugurado o\nCentro Hist\u00f3rico Idelvita Rodrigues de Lima. As duas atra\u00e7\u00f5es agitaram e\nembalaram o p\u00fablico com seu repert\u00f3rio, trazendo seus. &nbsp;Maiores sucessos.<\/p>\n\n\n\n<p>Vale destacar que a programa\u00e7\u00e3o \u00e9 uma realiza\u00e7\u00e3o da Prefeitura de Ouro Velho.<\/p>\n\n\n\n<p><a href=\"https:\/\/www.facebook.com\/pg\/CaririEmAcao\/photos\/?tab=album&amp;album_id=1456685214467497\">CLIQUE AQUI E VEJA TODAS AS FOTOS DO EVENTO. \u00a0<\/a><\/p>\n","protected":false},"excerpt":{"rendered":"<p>Como parte das comemora\u00e7\u00f5es aos 58 anos de emancipa\u00e7\u00e3o pol\u00edtica de Ouro Velho, a Prefeitura Municipal proporcionou \u00e0 popula\u00e7\u00e3o nesta ter\u00e7a-feira, dia 15, shows de&hellip; <\/p>\n","protected":false},"author":1,"featured_media":81241,"comment_status":"closed","ping_status":"closed","sticky":false,"template":"","format":"standard","meta":{"sfsi_plus_gutenberg_text_before_share":"","sfsi_plus_gutenberg_show_text_before_share":"","sfsi_plus_gutenberg_icon_type":"","sfsi_plus_gutenberg_icon_alignemt":"","sfsi_plus_gutenburg_max_per_row":"","footnotes":""},"categories":[50,2],"tags":[],"class_list":["post-81239","post","type-post","status-publish","format-standard","has-post-thumbnail","hentry","category-destaque","category-geral"],"_links":{"self":[{"href":"https:\/\/www.caririemacao.com\/1\/wp-json\/wp\/v2\/posts\/81239","targetHints":{"allow":["GET"]}}],"collection":[{"href":"https:\/\/www.caririemacao.com\/1\/wp-json\/wp\/v2\/posts"}],"about":[{"href":"https:\/\/www.caririemacao.com\/1\/wp-json\/wp\/v2\/types\/post"}],"author":[{"embeddable":true,"href":"https:\/\/www.caririemacao.com\/1\/wp-json\/wp\/v2\/users\/1"}],"replies":[{"embeddable":true,"href":"https:\/\/www.caririemacao.com\/1\/wp-json\/wp\/v2\/comments?post=81239"}],"version-history":[{"count":2,"href":"https:\/\/www.caririemacao.com\/1\/wp-json\/wp\/v2\/posts\/81239\/revisions"}],"predecessor-version":[{"id":81246,"href":"https:\/\/www.caririemacao.com\/1\/wp-json\/wp\/v2\/posts\/81239\/revisions\/81246"}],"wp:featuredmedia":[{"embeddable":true,"href":"https:\/\/www.caririemacao.com\/1\/wp-json\/wp\/v2\/media\/81241"}],"wp:attachment":[{"href":"https:\/\/www.caririemacao.com\/1\/wp-json\/wp\/v2\/media?parent=81239"}],"wp:term":[{"taxonomy":"category","embeddable":true,"href":"https:\/\/www.caririemacao.com\/1\/wp-json\/wp\/v2\/categories?post=81239"},{"taxonomy":"post_tag","embeddable":true,"href":"https:\/\/www.caririemacao.com\/1\/wp-json\/wp\/v2\/tags?post=81239"}],"curies":[{"name":"wp","href":"https:\/\/api.w.org\/{rel}","templated":true}]}}