{"id":81264,"date":"2019-01-16T16:52:37","date_gmt":"2019-01-16T19:52:37","guid":{"rendered":"http:\/\/www.caririemacao.com\/1\/?p=81264"},"modified":"2019-01-16T16:52:46","modified_gmt":"2019-01-16T19:52:46","slug":"ministro-assegura-a-joao-recursos-para-3o-eixo-da-transposicao","status":"publish","type":"post","link":"https:\/\/www.caririemacao.com\/1\/2019\/01\/16\/ministro-assegura-a-joao-recursos-para-3o-eixo-da-transposicao\/","title":{"rendered":"Ministro assegura a Jo\u00e3o recursos para 3\u00ba eixo da Transposi\u00e7\u00e3o"},"content":{"rendered":"\n<p>O governador Jo\u00e3o Azev\u00eado (PSB) se reuniu, na manh\u00e3 desta quarta-feira (16), com o ministro do Desenvolvimento Regional, Gustavo Canuto, em Bras\u00edlia. O socialista recebeu do membro do governo Bolsonaro garantia de recursos para o terceiro eixo da Transposi\u00e7\u00e3o das \u00c1guas do Rio S\u00e3o Francisco, na Para\u00edba. Azev\u00eado afirmou que esse ser\u00e1 o principal pleito a ser trabalhado junto ao Governo Federal por sua import\u00e2ncia para a independ\u00eancia h\u00eddrica da Para\u00edba. \u201c\u00c9 importante entender que a obra \u00e9 fundamental para que a gente obtenha a seguran\u00e7a h\u00eddrica na Para\u00edba. \u00c9 a terceira entrada da obra de Transposi\u00e7\u00e3o das \u00e1guas do Rio S\u00e3o Francisco. Houve uma determina\u00e7\u00e3o do ministro e toda a sua equipe para que este ano a gente possa estar com o projeto executivo pronto para licitar. \u00c9 uma meta estabelecida dentro do Minist\u00e9rio e sa\u00edmos daqui com a sensa\u00e7\u00e3o de que essa visita foi bastante proveitosa, afirmou. Jo\u00e3o disse que, al\u00e9m dessa reivindica\u00e7\u00e3o, tamb\u00e9m foram apresentados outros pleitos relacionados a recursos h\u00eddricos como o sistema adutor da barragem do Retiro, em Camala\u00fa e a adutora de Boqueir\u00e3o. Para ele, a reuni\u00e3o com Gustavo Canuto foi \u201cbastante proveitosa\u201d. \u201cTivemos a oportunidade de apresentar ao ministro os pleitos futuros que estaremos encaminhando: a adutora da microrregi\u00e3o pr\u00f3ximo a Catol\u00e9 do Rocha, as obras complementares do S\u00e3o Francisco, em termos de adutora, e outras obras que vamos apresentar como prioridade, que \u00e9 a conclus\u00e3o da adutora do Curimata\u00fa e uma s\u00e9rie de pleitos apresentados anteriormente que vamos resgatar. O ministro se comprometeu a dar continuidade a essas negocia\u00e7\u00f5es e discuss\u00f5es  da maneira mais \u00e1gil poss\u00edvel\u201d, enfatizou.<\/p>\n\n\n\n<p><\/p>\n\n\n\n<p>MaisPB<\/p>\n","protected":false},"excerpt":{"rendered":"<p>O governador Jo\u00e3o Azev\u00eado (PSB) se reuniu, na manh\u00e3 desta quarta-feira (16), com o ministro do Desenvolvimento Regional, Gustavo Canuto, em Bras\u00edlia. O socialista recebeu&hellip; <\/p>\n","protected":false},"author":1,"featured_media":81001,"comment_status":"closed","ping_status":"closed","sticky":false,"template":"","format":"standard","meta":{"sfsi_plus_gutenberg_text_before_share":"","sfsi_plus_gutenberg_show_text_before_share":"","sfsi_plus_gutenberg_icon_type":"","sfsi_plus_gutenberg_icon_alignemt":"","sfsi_plus_gutenburg_max_per_row":"","footnotes":""},"categories":[11],"tags":[],"class_list":["post-81264","post","type-post","status-publish","format-standard","has-post-thumbnail","hentry","category-politica"],"_links":{"self":[{"href":"https:\/\/www.caririemacao.com\/1\/wp-json\/wp\/v2\/posts\/81264","targetHints":{"allow":["GET"]}}],"collection":[{"href":"https:\/\/www.caririemacao.com\/1\/wp-json\/wp\/v2\/posts"}],"about":[{"href":"https:\/\/www.caririemacao.com\/1\/wp-json\/wp\/v2\/types\/post"}],"author":[{"embeddable":true,"href":"https:\/\/www.caririemacao.com\/1\/wp-json\/wp\/v2\/users\/1"}],"replies":[{"embeddable":true,"href":"https:\/\/www.caririemacao.com\/1\/wp-json\/wp\/v2\/comments?post=81264"}],"version-history":[{"count":2,"href":"https:\/\/www.caririemacao.com\/1\/wp-json\/wp\/v2\/posts\/81264\/revisions"}],"predecessor-version":[{"id":81268,"href":"https:\/\/www.caririemacao.com\/1\/wp-json\/wp\/v2\/posts\/81264\/revisions\/81268"}],"wp:featuredmedia":[{"embeddable":true,"href":"https:\/\/www.caririemacao.com\/1\/wp-json\/wp\/v2\/media\/81001"}],"wp:attachment":[{"href":"https:\/\/www.caririemacao.com\/1\/wp-json\/wp\/v2\/media?parent=81264"}],"wp:term":[{"taxonomy":"category","embeddable":true,"href":"https:\/\/www.caririemacao.com\/1\/wp-json\/wp\/v2\/categories?post=81264"},{"taxonomy":"post_tag","embeddable":true,"href":"https:\/\/www.caririemacao.com\/1\/wp-json\/wp\/v2\/tags?post=81264"}],"curies":[{"name":"wp","href":"https:\/\/api.w.org\/{rel}","templated":true}]}}