{"id":81269,"date":"2019-01-16T17:05:13","date_gmt":"2019-01-16T20:05:13","guid":{"rendered":"http:\/\/www.caririemacao.com\/1\/?p=81269"},"modified":"2019-01-16T17:05:24","modified_gmt":"2019-01-16T20:05:24","slug":"em-monteiro-prefeita-lorena-garante-concorrer-reeleicao","status":"publish","type":"post","link":"https:\/\/www.caririemacao.com\/1\/2019\/01\/16\/em-monteiro-prefeita-lorena-garante-concorrer-reeleicao\/","title":{"rendered":"Em Monteiro: prefeita Lorena garante concorrer reelei\u00e7\u00e3o"},"content":{"rendered":"\n<p>A prefeita de Monteiro, Anna Lorena, est\u00e1 no seu primeiro mandato e garantiu em uma reuni\u00e3o com correligion\u00e1rios que est\u00e1 disposta a concorrer \u00e0 reelei\u00e7\u00e3o. Lorena foi eleita em 2016, aliada do grupo pol\u00edtico dos deputados Jo\u00e3o e Edna Henrique e, rompeu antes da elei\u00e7\u00e3o de 2018. <\/p>\n\n\n\n<p><\/p>\n\n\n\n<p>Blog do Bruno Lira <\/p>\n","protected":false},"excerpt":{"rendered":"<p>A prefeita de Monteiro, Anna Lorena, est\u00e1 no seu primeiro mandato e garantiu em uma reuni\u00e3o com correligion\u00e1rios que est\u00e1 disposta a concorrer \u00e0 reelei\u00e7\u00e3o.&hellip; <\/p>\n","protected":false},"author":1,"featured_media":12074,"comment_status":"closed","ping_status":"closed","sticky":false,"template":"","format":"standard","meta":{"sfsi_plus_gutenberg_text_before_share":"","sfsi_plus_gutenberg_show_text_before_share":"","sfsi_plus_gutenberg_icon_type":"","sfsi_plus_gutenberg_icon_alignemt":"","sfsi_plus_gutenburg_max_per_row":"","footnotes":""},"categories":[50,2],"tags":[],"class_list":["post-81269","post","type-post","status-publish","format-standard","has-post-thumbnail","hentry","category-destaque","category-geral"],"_links":{"self":[{"href":"https:\/\/www.caririemacao.com\/1\/wp-json\/wp\/v2\/posts\/81269","targetHints":{"allow":["GET"]}}],"collection":[{"href":"https:\/\/www.caririemacao.com\/1\/wp-json\/wp\/v2\/posts"}],"about":[{"href":"https:\/\/www.caririemacao.com\/1\/wp-json\/wp\/v2\/types\/post"}],"author":[{"embeddable":true,"href":"https:\/\/www.caririemacao.com\/1\/wp-json\/wp\/v2\/users\/1"}],"replies":[{"embeddable":true,"href":"https:\/\/www.caririemacao.com\/1\/wp-json\/wp\/v2\/comments?post=81269"}],"version-history":[{"count":2,"href":"https:\/\/www.caririemacao.com\/1\/wp-json\/wp\/v2\/posts\/81269\/revisions"}],"predecessor-version":[{"id":81271,"href":"https:\/\/www.caririemacao.com\/1\/wp-json\/wp\/v2\/posts\/81269\/revisions\/81271"}],"wp:featuredmedia":[{"embeddable":true,"href":"https:\/\/www.caririemacao.com\/1\/wp-json\/wp\/v2\/media\/12074"}],"wp:attachment":[{"href":"https:\/\/www.caririemacao.com\/1\/wp-json\/wp\/v2\/media?parent=81269"}],"wp:term":[{"taxonomy":"category","embeddable":true,"href":"https:\/\/www.caririemacao.com\/1\/wp-json\/wp\/v2\/categories?post=81269"},{"taxonomy":"post_tag","embeddable":true,"href":"https:\/\/www.caririemacao.com\/1\/wp-json\/wp\/v2\/tags?post=81269"}],"curies":[{"name":"wp","href":"https:\/\/api.w.org\/{rel}","templated":true}]}}