{"id":81284,"date":"2019-01-16T18:18:56","date_gmt":"2019-01-16T21:18:56","guid":{"rendered":"http:\/\/www.caririemacao.com\/1\/?p=81284"},"modified":"2019-01-16T18:19:07","modified_gmt":"2019-01-16T21:19:07","slug":"prefeitura-do-conde-anuncia-concurso-publico-para-preencher-72-vagas","status":"publish","type":"post","link":"https:\/\/www.caririemacao.com\/1\/2019\/01\/16\/prefeitura-do-conde-anuncia-concurso-publico-para-preencher-72-vagas\/","title":{"rendered":"Prefeitura do Conde anuncia concurso p\u00fablico para preencher 72 vagas"},"content":{"rendered":"\n<p>A prefeita de Conde, M\u00e1rcia Lucena, anunciou que ir\u00e1 realizar um concurso p\u00fablico para preenchimento de 72 vagas na Secretaria de Educa\u00e7\u00e3o, Esporte e Cultura e na Guarda Civil Municipal. Ela esteve reunida com vereadores que integram sua base de sustenta\u00e7\u00e3o na C\u00e2mara Municipal e comunicou que o edital deve ser publicado ainda no m\u00eas de fevereiro.\n\n\u201cEm fevereiro, a gente deve estar com o edital pronto. Se tudo ocorrer conforme o calend\u00e1rio programado pela Secretaria de Administra\u00e7\u00e3o, em abril lan\u00e7aremos o concurso ap\u00f3s a finaliza\u00e7\u00e3o dos estudos de viabilidade econ\u00f4mica e financeira e comprovarmos que poderemos contratar as pessoas aprovadas sem risco de comprometer nossa programa\u00e7\u00e3o de pagamentos de todos os compromissos da Gest\u00e3o\u201d, afirmou a prefeita.\n\nSobre o n\u00famero de vagas a prefeita comentou que \u201cat\u00e9 agora, a Secretaria de Educa\u00e7\u00e3o identificou a necessidade de 52 contrata\u00e7\u00f5es, e na Guarda Municipal foram 20, ent\u00e3o teremos, no m\u00ednimo, 72 novas contrata\u00e7\u00f5es pela Prefeitura\u201d.\n\nA prefeita disse tamb\u00e9m que \u201cn\u00e3o ser\u00e1 f\u00e1cil viabilizarmos a expans\u00e3o da equipe por causa da crise que continua, todo dia nos chegam not\u00edcias sobre verbas contingenciadas, programas do Governo Federal que n\u00e3o v\u00e3o acontecer, sobre conten\u00e7\u00e3o de gastos em todos os n\u00edveis, mas temos a responsabilidade de fortalecer este ano tanto o trabalho positivo, reconhecido pela popula\u00e7\u00e3o,  que a Educa\u00e7\u00e3o vem realizando como a Guarda Municipal\u201d.\n<\/p>\n","protected":false},"excerpt":{"rendered":"<p>A prefeita de Conde, M\u00e1rcia Lucena, anunciou que ir\u00e1 realizar um concurso p\u00fablico para preenchimento de 72 vagas na Secretaria de Educa\u00e7\u00e3o, Esporte e Cultura&hellip; <\/p>\n","protected":false},"author":1,"featured_media":81285,"comment_status":"closed","ping_status":"closed","sticky":false,"template":"","format":"standard","meta":{"sfsi_plus_gutenberg_text_before_share":"","sfsi_plus_gutenberg_show_text_before_share":"","sfsi_plus_gutenberg_icon_type":"","sfsi_plus_gutenberg_icon_alignemt":"","sfsi_plus_gutenburg_max_per_row":"","footnotes":""},"categories":[6],"tags":[],"class_list":["post-81284","post","type-post","status-publish","format-standard","has-post-thumbnail","hentry","category-cidades"],"_links":{"self":[{"href":"https:\/\/www.caririemacao.com\/1\/wp-json\/wp\/v2\/posts\/81284","targetHints":{"allow":["GET"]}}],"collection":[{"href":"https:\/\/www.caririemacao.com\/1\/wp-json\/wp\/v2\/posts"}],"about":[{"href":"https:\/\/www.caririemacao.com\/1\/wp-json\/wp\/v2\/types\/post"}],"author":[{"embeddable":true,"href":"https:\/\/www.caririemacao.com\/1\/wp-json\/wp\/v2\/users\/1"}],"replies":[{"embeddable":true,"href":"https:\/\/www.caririemacao.com\/1\/wp-json\/wp\/v2\/comments?post=81284"}],"version-history":[{"count":2,"href":"https:\/\/www.caririemacao.com\/1\/wp-json\/wp\/v2\/posts\/81284\/revisions"}],"predecessor-version":[{"id":81287,"href":"https:\/\/www.caririemacao.com\/1\/wp-json\/wp\/v2\/posts\/81284\/revisions\/81287"}],"wp:featuredmedia":[{"embeddable":true,"href":"https:\/\/www.caririemacao.com\/1\/wp-json\/wp\/v2\/media\/81285"}],"wp:attachment":[{"href":"https:\/\/www.caririemacao.com\/1\/wp-json\/wp\/v2\/media?parent=81284"}],"wp:term":[{"taxonomy":"category","embeddable":true,"href":"https:\/\/www.caririemacao.com\/1\/wp-json\/wp\/v2\/categories?post=81284"},{"taxonomy":"post_tag","embeddable":true,"href":"https:\/\/www.caririemacao.com\/1\/wp-json\/wp\/v2\/tags?post=81284"}],"curies":[{"name":"wp","href":"https:\/\/api.w.org\/{rel}","templated":true}]}}