{"id":81288,"date":"2019-01-16T18:33:42","date_gmt":"2019-01-16T21:33:42","guid":{"rendered":"http:\/\/www.caririemacao.com\/1\/?p=81288"},"modified":"2019-01-16T18:33:55","modified_gmt":"2019-01-16T21:33:55","slug":"tarifas-de-embarque-terao-aumento-de-539","status":"publish","type":"post","link":"https:\/\/www.caririemacao.com\/1\/2019\/01\/16\/tarifas-de-embarque-terao-aumento-de-539\/","title":{"rendered":"Tarifas de embarque ter\u00e3o aumento de 5,39%"},"content":{"rendered":"\n<p>A Ag\u00eancia Nacional de Avia\u00e7\u00e3o Civil (Anac) autorizou hoje (16) reajuste de 5,39% para o teto das tarifas de embarque, conex\u00e3o, pouso e perman\u00eancia nos aeroportos administrados pela Empresa Brasileira de Infraestrutura Aeroportu\u00e1ria (Infraero). Os novos valores poder\u00e3o ser aplicados depois de 30 dias que a Infraero fizer a divulga\u00e7\u00e3o oficial do reajuste. As tarifas aeroportu\u00e1rias s\u00e3o valores pagos aos operadores do setor pelas companhias a\u00e9reas, pelo operador da aeronave ou pelo passageiro. Segundo a Anac, a tarifa de embarque \u00e9 a \u00fanica paga pelo passageiro e tem a finalidade de remunerar a presta\u00e7\u00e3o dos servi\u00e7os, instala\u00e7\u00f5es e facilidades disponibilizadas aos passageiros. Com o reajuste, a tarifa m\u00e1xima dos passageiros em embarques dom\u00e9sticos passar\u00e1 de R$ 31,27 para R$ 32,95.. Nas viagens internacionais, a tarifa m\u00e1xima de embarque aumentar\u00e1 de R$ 112,83 para R$ 115,82. Os valores valores j\u00e1 incluem o adicional do Fundo Nacional de Avia\u00e7\u00e3o Civil (FNAC) de US$ 18, o correspondente a R$ 57,47. De acordo com a Anac, o reajuste foi aplicado considerando a infla\u00e7\u00e3o acumulada entre dezembro de 2017 e dezembro de 2018, medida pela varia\u00e7\u00e3o do \u00cdndice de Pre\u00e7os ao Consumidor Amplo (IPCA), calculado pelo Instituto Brasileiro de Geografia Estat\u00edstica (IBGE). Respons\u00e1vel por cerca de 60% do movimento a\u00e9reo no pa\u00eds, a Infraero administra mais de 50 terminais que operam voos regulares e n\u00e3o regulares, voos dom\u00e9sticos regionais e nacionais e tamb\u00e9m internacionais. Entre eles, destacam-se aeroportos de grande movimenta\u00e7\u00e3o como Congonhas, em S\u00e3o Paulo, e Santos Dumont, no Rio de Janeiro, e do Recife, al\u00e9m de terminais regionais como Campina Grande, na Para\u00edba, Juazeiro do Norte, no Cear\u00e1, e Montes Claros, em Minas Gerais. <\/p>\n\n\n\n<p><\/p>\n\n\n\n<p>Ag\u00eancia Brasil <\/p>\n","protected":false},"excerpt":{"rendered":"<p>A Ag\u00eancia Nacional de Avia\u00e7\u00e3o Civil (Anac) autorizou hoje (16) reajuste de 5,39% para o teto das tarifas de embarque, conex\u00e3o, pouso e perman\u00eancia nos&hellip; <\/p>\n","protected":false},"author":1,"featured_media":81289,"comment_status":"closed","ping_status":"closed","sticky":false,"template":"","format":"standard","meta":{"sfsi_plus_gutenberg_text_before_share":"","sfsi_plus_gutenberg_show_text_before_share":"","sfsi_plus_gutenberg_icon_type":"","sfsi_plus_gutenberg_icon_alignemt":"","sfsi_plus_gutenburg_max_per_row":"","footnotes":""},"categories":[2],"tags":[],"class_list":["post-81288","post","type-post","status-publish","format-standard","has-post-thumbnail","hentry","category-geral"],"_links":{"self":[{"href":"https:\/\/www.caririemacao.com\/1\/wp-json\/wp\/v2\/posts\/81288","targetHints":{"allow":["GET"]}}],"collection":[{"href":"https:\/\/www.caririemacao.com\/1\/wp-json\/wp\/v2\/posts"}],"about":[{"href":"https:\/\/www.caririemacao.com\/1\/wp-json\/wp\/v2\/types\/post"}],"author":[{"embeddable":true,"href":"https:\/\/www.caririemacao.com\/1\/wp-json\/wp\/v2\/users\/1"}],"replies":[{"embeddable":true,"href":"https:\/\/www.caririemacao.com\/1\/wp-json\/wp\/v2\/comments?post=81288"}],"version-history":[{"count":2,"href":"https:\/\/www.caririemacao.com\/1\/wp-json\/wp\/v2\/posts\/81288\/revisions"}],"predecessor-version":[{"id":81292,"href":"https:\/\/www.caririemacao.com\/1\/wp-json\/wp\/v2\/posts\/81288\/revisions\/81292"}],"wp:featuredmedia":[{"embeddable":true,"href":"https:\/\/www.caririemacao.com\/1\/wp-json\/wp\/v2\/media\/81289"}],"wp:attachment":[{"href":"https:\/\/www.caririemacao.com\/1\/wp-json\/wp\/v2\/media?parent=81288"}],"wp:term":[{"taxonomy":"category","embeddable":true,"href":"https:\/\/www.caririemacao.com\/1\/wp-json\/wp\/v2\/categories?post=81288"},{"taxonomy":"post_tag","embeddable":true,"href":"https:\/\/www.caririemacao.com\/1\/wp-json\/wp\/v2\/tags?post=81288"}],"curies":[{"name":"wp","href":"https:\/\/api.w.org\/{rel}","templated":true}]}}