{"id":81299,"date":"2019-01-16T18:46:05","date_gmt":"2019-01-16T21:46:05","guid":{"rendered":"http:\/\/www.caririemacao.com\/1\/?p=81299"},"modified":"2019-01-16T18:46:17","modified_gmt":"2019-01-16T21:46:17","slug":"pf-de-mg-pede-mais-90-dias-para-investigar-quem-financiou-defesa-de-agressor-de-bolsonaro","status":"publish","type":"post","link":"https:\/\/www.caririemacao.com\/1\/2019\/01\/16\/pf-de-mg-pede-mais-90-dias-para-investigar-quem-financiou-defesa-de-agressor-de-bolsonaro\/","title":{"rendered":"PF de MG pede mais 90 dias para investigar quem financiou defesa de agressor de Bolsonaro"},"content":{"rendered":"\n<p> A Pol\u00edcia Federal de Minas Gerais pediu \u00e0 Justi\u00e7a mais 90 dias para conclus\u00e3o do inqu\u00e9rito que investiga quem financiou a defesa de Ad\u00e9lio Bispo &#8211; agressor confesso de Jair Bolsonaro (PSL), \u00e0 \u00e9poca candidato a presidente da Rep\u00fablica. O crime aconteceu no dia 6 de setembro do ano passado. De acordo com o delegado Rodrigo Morais, ainda n\u00e3o houve decis\u00e3o sobre a requisi\u00e7\u00e3o. Bispo foi indiciado por pr\u00e1tica de atentado pessoal por inconformismo pol\u00edtico, crime previsto na Lei de Seguran\u00e7a Nacional, no dia 2 de outubro. Dois dias depois ele se tornou r\u00e9u. O primeiro inqu\u00e9rito da PF concluiu que o agressor agiu sozinho no momento do ataque e que a motiva\u00e7\u00e3o \u201cfoi indubitavelmente pol\u00edtica\u201d. No dia 21 de dezembro, a Pol\u00edcia Federal cumpriu dois mandados de busca e apreens\u00e3o em endere\u00e7os ligados ao advogado Zanone Manuel de Oliveira J\u00fanior, respons\u00e1vel pela defesa de Ad\u00e9lio Bispo. O objetivo da opera\u00e7\u00e3o foi tentar identificar quem estaria financiando a defesa do autor do atentado ocorrido em Juiz de Fora, na Zona da Mata. Na \u00e9poca da opera\u00e7\u00e3o, o advogado Zanone afirmou que acompanhou toda a a\u00e7\u00e3o dos policiais federais e voltou a dizer que o nome de quem o contratou para defender Ad\u00e9lio \u00e9 sigiloso. O diretor-geral da Pol\u00edcia Federal, Rog\u00e9rio Galloro, disse que o objetivo da opera\u00e7\u00e3o \u00e9 n\u00e3o deixar nenhuma d\u00favida e que a investiga\u00e7\u00e3o sobre a participa\u00e7\u00e3o de mais algu\u00e9m est\u00e1 pr\u00f3xima de ser encerrada. Segundo inqu\u00e9rito Um segundo inqu\u00e9rito, em andamento, foi aberto para dar continuidade \u00e0s apura\u00e7\u00f5es, visando comprovar \u201cparticipa\u00e7\u00e3o de terceiros ou grupos criminosos\u201d no atentado ao pol\u00edtico fora do local do crime. O ataque contra Bolsonaro aconteceu quando o presidenci\u00e1vel participava de um ato de campanha, em Juiz de Fora. O agressor, Ad\u00e9lio Bispo de Oliveira, foi preso em flagrante logo ap\u00f3s o atentando e confessou a autoria do crime. Ele est\u00e1 detido no pres\u00eddio de seguran\u00e7a m\u00e1xima de Campo Grande. Bolsonaro levou uma facada, que causou les\u00f5es no intestino. Ele passou por cirurgias em Juiz de Fora e em S\u00e3o Paulo. Um novo procedimento ainda ser\u00e1 realizado para a retirada da bolsa de colostomia.  <\/p>\n\n\n\n<p><\/p>\n\n\n\n<p>G1  <\/p>\n","protected":false},"excerpt":{"rendered":"<p>A Pol\u00edcia Federal de Minas Gerais pediu \u00e0 Justi\u00e7a mais 90 dias para conclus\u00e3o do inqu\u00e9rito que investiga quem financiou a defesa de Ad\u00e9lio Bispo&hellip; <\/p>\n","protected":false},"author":1,"featured_media":81300,"comment_status":"closed","ping_status":"closed","sticky":false,"template":"","format":"standard","meta":{"sfsi_plus_gutenberg_text_before_share":"","sfsi_plus_gutenberg_show_text_before_share":"","sfsi_plus_gutenberg_icon_type":"","sfsi_plus_gutenberg_icon_alignemt":"","sfsi_plus_gutenburg_max_per_row":"","footnotes":""},"categories":[11],"tags":[],"class_list":["post-81299","post","type-post","status-publish","format-standard","has-post-thumbnail","hentry","category-politica"],"_links":{"self":[{"href":"https:\/\/www.caririemacao.com\/1\/wp-json\/wp\/v2\/posts\/81299","targetHints":{"allow":["GET"]}}],"collection":[{"href":"https:\/\/www.caririemacao.com\/1\/wp-json\/wp\/v2\/posts"}],"about":[{"href":"https:\/\/www.caririemacao.com\/1\/wp-json\/wp\/v2\/types\/post"}],"author":[{"embeddable":true,"href":"https:\/\/www.caririemacao.com\/1\/wp-json\/wp\/v2\/users\/1"}],"replies":[{"embeddable":true,"href":"https:\/\/www.caririemacao.com\/1\/wp-json\/wp\/v2\/comments?post=81299"}],"version-history":[{"count":1,"href":"https:\/\/www.caririemacao.com\/1\/wp-json\/wp\/v2\/posts\/81299\/revisions"}],"predecessor-version":[{"id":81301,"href":"https:\/\/www.caririemacao.com\/1\/wp-json\/wp\/v2\/posts\/81299\/revisions\/81301"}],"wp:featuredmedia":[{"embeddable":true,"href":"https:\/\/www.caririemacao.com\/1\/wp-json\/wp\/v2\/media\/81300"}],"wp:attachment":[{"href":"https:\/\/www.caririemacao.com\/1\/wp-json\/wp\/v2\/media?parent=81299"}],"wp:term":[{"taxonomy":"category","embeddable":true,"href":"https:\/\/www.caririemacao.com\/1\/wp-json\/wp\/v2\/categories?post=81299"},{"taxonomy":"post_tag","embeddable":true,"href":"https:\/\/www.caririemacao.com\/1\/wp-json\/wp\/v2\/tags?post=81299"}],"curies":[{"name":"wp","href":"https:\/\/api.w.org\/{rel}","templated":true}]}}