{"id":81309,"date":"2019-01-16T19:04:03","date_gmt":"2019-01-16T22:04:03","guid":{"rendered":"http:\/\/www.caririemacao.com\/1\/?p=81309"},"modified":"2019-01-16T19:04:17","modified_gmt":"2019-01-16T22:04:17","slug":"volta-do-detran-camara-de-sao-joao-do-cariri-realizara-audiencia-publica-e-uniao-da-classe-politica-toma-corpo-na-cidade","status":"publish","type":"post","link":"https:\/\/www.caririemacao.com\/1\/2019\/01\/16\/volta-do-detran-camara-de-sao-joao-do-cariri-realizara-audiencia-publica-e-uniao-da-classe-politica-toma-corpo-na-cidade\/","title":{"rendered":"VOLTA DO DETRAN: C\u00e2mara de S\u00e3o Jo\u00e3o do Cariri realizar\u00e1 audi\u00eancia p\u00fablica e uni\u00e3o da classe pol\u00edtica toma corpo na cidade"},"content":{"rendered":"\n<p>A C\u00e2mara Legislativa de S\u00e3o Jo\u00e3o do Cariri -PB juntamente com o apoio de todas as lideran\u00e7as pol\u00edticas da cidade \u2018M\u00e3e do Cariri\u2019, estar\u00e1 promovendo na pr\u00f3xima sexta-feira(18), uma audi\u00eancia p\u00fablica para debater e mobilizar a toda popula\u00e7\u00e3o sobre a transfer\u00eancia da unidade do Posto do Detran, que foi ent\u00e3o extinto e transferido para a cidade de Serra Branca. O presidente da c\u00e2mara municipal Beto Gaud\u00eancio, est\u00e1 articulando a mobiliza\u00e7\u00e3o juntamente com os demais vereadores e todas lideran\u00e7as pol\u00edticas de S\u00e3o Jo\u00e3o do Cariri e de cidades circunvizinhas atendidas pela unidade. J\u00e1 \u00e9 visto pela popula\u00e7\u00e3o, a articula\u00e7\u00e3o e mobiliza\u00e7\u00e3o da classe pol\u00edtica para a realiza\u00e7\u00e3o do evento e tentativa do retorno do \u00f3rg\u00e3o p\u00fablico para a cidade. A proposta principal da audi\u00eancia ser\u00e1 debater e unir todas as for\u00e7as pol\u00edticas e viabilizar uma documento de manifesto a Superintend\u00eancia do Departamento Estadual de Tr\u00e2nsito (Detran-PB), em nome do superintendente Agamenon Vieira, em rever a decis\u00e3o tomada pelo \u00f3rg\u00e3o p\u00fablico estadual. Algumas lideran\u00e7as pol\u00edticas j\u00e1 est\u00e3o contactando os deputados eleitos e que tiveram grande vota\u00e7\u00e3o no munic\u00edpio, para viabilizar uma audi\u00eancia com os \u00f3rg\u00e3os competentes e at\u00e9 uma poss\u00edvel reuni\u00e3o com o governador Jo\u00e3o Azev\u00eado, sobre o retirada do posto do Detran do munic\u00edpio de S\u00e3o Jo\u00e3o do Cariri. Em contato com a nossa equipe de reportagem, o presidente da c\u00e2mara de S\u00e3o Jo\u00e3o do Cariri, Beto Gaud\u00eancio falou sobre a realiza\u00e7\u00e3o do evento e uni\u00e3o de toda a classe pol\u00edtica da cidade: \u201c\u00c9 um momento de unirmos todas as nossas for\u00e7as para irmos em busca de uma conquista que \u00e9 nossa. Estamos no direito de reivindicar e tentar buscarmos o bem para nossa cidade e nosso povo. Estamos enviando convites para todas as lideran\u00e7as pol\u00edticas da nossa cidade e regi\u00f5es vizinhas para este evento, de somarmos as nossas for\u00e7as e tentar trazer este servi\u00e7o que h\u00e1 anos possibilita o desenvolvimento da cidade e do nosso com\u00e9rcio\u201d, destacou o presidente da c\u00e2mara. A audi\u00eancia p\u00fablica acontecer\u00e1 na C\u00e2mara Municipal \u201cJoaquim Tavares de Lucena\u201d e ter\u00e1 in\u00edcio \u00e1s 19h. <\/p>\n\n\n\n<p><\/p>\n\n\n\n<p>De Olho no Cariri <\/p>\n","protected":false},"excerpt":{"rendered":"<p>A C\u00e2mara Legislativa de S\u00e3o Jo\u00e3o do Cariri -PB juntamente com o apoio de todas as lideran\u00e7as pol\u00edticas da cidade \u2018M\u00e3e do Cariri\u2019, estar\u00e1 promovendo&hellip; <\/p>\n","protected":false},"author":1,"featured_media":81311,"comment_status":"closed","ping_status":"closed","sticky":false,"template":"","format":"standard","meta":{"sfsi_plus_gutenberg_text_before_share":"","sfsi_plus_gutenberg_show_text_before_share":"","sfsi_plus_gutenberg_icon_type":"","sfsi_plus_gutenberg_icon_alignemt":"","sfsi_plus_gutenburg_max_per_row":"","footnotes":""},"categories":[6],"tags":[],"class_list":["post-81309","post","type-post","status-publish","format-standard","has-post-thumbnail","hentry","category-cidades"],"_links":{"self":[{"href":"https:\/\/www.caririemacao.com\/1\/wp-json\/wp\/v2\/posts\/81309","targetHints":{"allow":["GET"]}}],"collection":[{"href":"https:\/\/www.caririemacao.com\/1\/wp-json\/wp\/v2\/posts"}],"about":[{"href":"https:\/\/www.caririemacao.com\/1\/wp-json\/wp\/v2\/types\/post"}],"author":[{"embeddable":true,"href":"https:\/\/www.caririemacao.com\/1\/wp-json\/wp\/v2\/users\/1"}],"replies":[{"embeddable":true,"href":"https:\/\/www.caririemacao.com\/1\/wp-json\/wp\/v2\/comments?post=81309"}],"version-history":[{"count":1,"href":"https:\/\/www.caririemacao.com\/1\/wp-json\/wp\/v2\/posts\/81309\/revisions"}],"predecessor-version":[{"id":81312,"href":"https:\/\/www.caririemacao.com\/1\/wp-json\/wp\/v2\/posts\/81309\/revisions\/81312"}],"wp:featuredmedia":[{"embeddable":true,"href":"https:\/\/www.caririemacao.com\/1\/wp-json\/wp\/v2\/media\/81311"}],"wp:attachment":[{"href":"https:\/\/www.caririemacao.com\/1\/wp-json\/wp\/v2\/media?parent=81309"}],"wp:term":[{"taxonomy":"category","embeddable":true,"href":"https:\/\/www.caririemacao.com\/1\/wp-json\/wp\/v2\/categories?post=81309"},{"taxonomy":"post_tag","embeddable":true,"href":"https:\/\/www.caririemacao.com\/1\/wp-json\/wp\/v2\/tags?post=81309"}],"curies":[{"name":"wp","href":"https:\/\/api.w.org\/{rel}","templated":true}]}}