{"id":81313,"date":"2019-01-16T19:07:26","date_gmt":"2019-01-16T22:07:26","guid":{"rendered":"http:\/\/www.caririemacao.com\/1\/?p=81313"},"modified":"2019-01-16T19:07:39","modified_gmt":"2019-01-16T22:07:39","slug":"coordenacao-da-copa-cariri-de-futsal-realizara-congresso-definitivo","status":"publish","type":"post","link":"https:\/\/www.caririemacao.com\/1\/2019\/01\/16\/coordenacao-da-copa-cariri-de-futsal-realizara-congresso-definitivo\/","title":{"rendered":"Coordena\u00e7\u00e3o da Copa Cariri de Futsal realizar\u00e1 congresso definitivo"},"content":{"rendered":"\n<p>A Coordena\u00e7\u00e3o da Copa Cariri de Futsal, realizar\u00e1 no pr\u00f3ximo dia 26 do corrente m\u00eas, \u00e0s 9 horas da manh\u00e3 na cidade de Boa Vista, Congresso T\u00e9cnico que definir\u00e1 os participantes da d\u00e9cima segunda edi\u00e7\u00e3o do certame.\n\nSegundo o Coordenador Geral, Dami\u00e3o Lima, v\u00e1rias equipes de todo o cariri confirmaram participa\u00e7\u00e3o, mas mesmo assim ainda restam algumas vagas dispon\u00edveis para as equipes interessadas em participar da referida competi\u00e7\u00e3o. \u201c\u00c9 sempre uma enorme satisfa\u00e7\u00e3o poder realizar uma competi\u00e7\u00e3o que tem como marca principal a transpar\u00eancia e acima de tudo compromisso com o esporte da regi\u00e3o atrav\u00e9s do calend\u00e1rio que temos cumprido rigorosamente em todas as edi\u00e7\u00f5es que realizamos de fevereiro a maio, isso sim \u00e9 fazer esporte com respeito aos desportistas\u201d, disse Dami\u00e3o Lima.\n\nAs equipes interessadas em participar e que ainda n\u00e3o garantiram vaga devem entrar em contato com a coordena\u00e7\u00e3o atrav\u00e9s do contato (83) 98702-8228\/993873381.\n<\/p>\n","protected":false},"excerpt":{"rendered":"<p>A Coordena\u00e7\u00e3o da Copa Cariri de Futsal, realizar\u00e1 no pr\u00f3ximo dia 26 do corrente m\u00eas, \u00e0s 9 horas da manh\u00e3 na cidade de Boa Vista,&hellip; <\/p>\n","protected":false},"author":1,"featured_media":81314,"comment_status":"closed","ping_status":"closed","sticky":false,"template":"","format":"standard","meta":{"sfsi_plus_gutenberg_text_before_share":"","sfsi_plus_gutenberg_show_text_before_share":"","sfsi_plus_gutenberg_icon_type":"","sfsi_plus_gutenberg_icon_alignemt":"","sfsi_plus_gutenburg_max_per_row":"","footnotes":""},"categories":[13],"tags":[],"class_list":["post-81313","post","type-post","status-publish","format-standard","has-post-thumbnail","hentry","category-esportes"],"_links":{"self":[{"href":"https:\/\/www.caririemacao.com\/1\/wp-json\/wp\/v2\/posts\/81313","targetHints":{"allow":["GET"]}}],"collection":[{"href":"https:\/\/www.caririemacao.com\/1\/wp-json\/wp\/v2\/posts"}],"about":[{"href":"https:\/\/www.caririemacao.com\/1\/wp-json\/wp\/v2\/types\/post"}],"author":[{"embeddable":true,"href":"https:\/\/www.caririemacao.com\/1\/wp-json\/wp\/v2\/users\/1"}],"replies":[{"embeddable":true,"href":"https:\/\/www.caririemacao.com\/1\/wp-json\/wp\/v2\/comments?post=81313"}],"version-history":[{"count":2,"href":"https:\/\/www.caririemacao.com\/1\/wp-json\/wp\/v2\/posts\/81313\/revisions"}],"predecessor-version":[{"id":81316,"href":"https:\/\/www.caririemacao.com\/1\/wp-json\/wp\/v2\/posts\/81313\/revisions\/81316"}],"wp:featuredmedia":[{"embeddable":true,"href":"https:\/\/www.caririemacao.com\/1\/wp-json\/wp\/v2\/media\/81314"}],"wp:attachment":[{"href":"https:\/\/www.caririemacao.com\/1\/wp-json\/wp\/v2\/media?parent=81313"}],"wp:term":[{"taxonomy":"category","embeddable":true,"href":"https:\/\/www.caririemacao.com\/1\/wp-json\/wp\/v2\/categories?post=81313"},{"taxonomy":"post_tag","embeddable":true,"href":"https:\/\/www.caririemacao.com\/1\/wp-json\/wp\/v2\/tags?post=81313"}],"curies":[{"name":"wp","href":"https:\/\/api.w.org\/{rel}","templated":true}]}}