{"id":81317,"date":"2019-01-16T19:10:24","date_gmt":"2019-01-16T22:10:24","guid":{"rendered":"http:\/\/www.caririemacao.com\/1\/?p=81317"},"modified":"2019-01-16T19:10:36","modified_gmt":"2019-01-16T22:10:36","slug":"ministerio-do-meio-ambiente-suspende-repasse-para-ongs-por-tres-meses","status":"publish","type":"post","link":"https:\/\/www.caririemacao.com\/1\/2019\/01\/16\/ministerio-do-meio-ambiente-suspende-repasse-para-ongs-por-tres-meses\/","title":{"rendered":"Minist\u00e9rio do Meio Ambiente suspende repasse para ONG\u2019s por tr\u00eas meses"},"content":{"rendered":"\n<p> O Minist\u00e9rio do Meio ambiente anunciou a suspens\u00e3o de conv\u00eanios e parcerias com as organiza\u00e7\u00f5es n\u00e3o governamentais por um per\u00edodo de 90 dias. A justificativa, segundo o comunicado, \u00e9 analisar o quanto foi pago para essas institui\u00e7\u00f5es no ano passado. O novo ministro do Meio Ambiente, Ricardo Salles, tamb\u00e9m determinou que os futuros repasses feito \u00e0s ONGs devem ser analisados e avaliados por ele. A decis\u00e3o suspende n\u00e3o s\u00f3 os contratos diretos com o minist\u00e9rio, mas tamb\u00e9m com os fundos que s\u00e3o administrados pela autarquia como o Ibama, Instituto Chico Mendes e o instituto carioca de Pesquisa do Jardim Bot\u00e2nico. Entre os pontos que ser\u00e3o analisados est\u00e3o as condi\u00e7\u00f5es, prazos e os volumes dos acordos com as entidades. Al\u00e9m da avalia\u00e7\u00e3o, muitos poder\u00e3o passar por ajustes e reparos. Depois do an\u00fancio da medida, uma nota assinada por oito ONGs &#8211; entre elas o Observat\u00f3rio do Clima, Instituto Ethos e o Grupo de Trabalho Amaz\u00f4nico &#8211; rebateu a determina\u00e7\u00e3o, afirmando que a suspens\u00e3o do ministro \u00e9 ilegal. A publica\u00e7\u00e3o ainda destaca que a suspens\u00e3o dos repasses pode causar preju\u00edzos ao meio ambiente. As entidades defendem que Ricardo Salles n\u00e3o apresentou justificativas para a medida, o que segundo a vis\u00e3o das ONGs, coloca d\u00favidas sobre a idoneidade da sociedade civil.<\/p>\n\n\n\n<p> Ag\u00eancia R\u00e1dio  <\/p>\n\n\n\n<p><\/p>\n","protected":false},"excerpt":{"rendered":"<p>O Minist\u00e9rio do Meio ambiente anunciou a suspens\u00e3o de conv\u00eanios e parcerias com as organiza\u00e7\u00f5es n\u00e3o governamentais por um per\u00edodo de 90 dias. A justificativa,&hellip; <\/p>\n","protected":false},"author":1,"featured_media":81318,"comment_status":"closed","ping_status":"closed","sticky":false,"template":"","format":"standard","meta":{"sfsi_plus_gutenberg_text_before_share":"","sfsi_plus_gutenberg_show_text_before_share":"","sfsi_plus_gutenberg_icon_type":"","sfsi_plus_gutenberg_icon_alignemt":"","sfsi_plus_gutenburg_max_per_row":"","footnotes":""},"categories":[11],"tags":[],"class_list":["post-81317","post","type-post","status-publish","format-standard","has-post-thumbnail","hentry","category-politica"],"_links":{"self":[{"href":"https:\/\/www.caririemacao.com\/1\/wp-json\/wp\/v2\/posts\/81317","targetHints":{"allow":["GET"]}}],"collection":[{"href":"https:\/\/www.caririemacao.com\/1\/wp-json\/wp\/v2\/posts"}],"about":[{"href":"https:\/\/www.caririemacao.com\/1\/wp-json\/wp\/v2\/types\/post"}],"author":[{"embeddable":true,"href":"https:\/\/www.caririemacao.com\/1\/wp-json\/wp\/v2\/users\/1"}],"replies":[{"embeddable":true,"href":"https:\/\/www.caririemacao.com\/1\/wp-json\/wp\/v2\/comments?post=81317"}],"version-history":[{"count":2,"href":"https:\/\/www.caririemacao.com\/1\/wp-json\/wp\/v2\/posts\/81317\/revisions"}],"predecessor-version":[{"id":81320,"href":"https:\/\/www.caririemacao.com\/1\/wp-json\/wp\/v2\/posts\/81317\/revisions\/81320"}],"wp:featuredmedia":[{"embeddable":true,"href":"https:\/\/www.caririemacao.com\/1\/wp-json\/wp\/v2\/media\/81318"}],"wp:attachment":[{"href":"https:\/\/www.caririemacao.com\/1\/wp-json\/wp\/v2\/media?parent=81317"}],"wp:term":[{"taxonomy":"category","embeddable":true,"href":"https:\/\/www.caririemacao.com\/1\/wp-json\/wp\/v2\/categories?post=81317"},{"taxonomy":"post_tag","embeddable":true,"href":"https:\/\/www.caririemacao.com\/1\/wp-json\/wp\/v2\/tags?post=81317"}],"curies":[{"name":"wp","href":"https:\/\/api.w.org\/{rel}","templated":true}]}}