{"id":81321,"date":"2019-01-16T19:36:54","date_gmt":"2019-01-16T22:36:54","guid":{"rendered":"http:\/\/www.caririemacao.com\/1\/?p=81321"},"modified":"2019-01-16T19:37:03","modified_gmt":"2019-01-16T22:37:03","slug":"secretaria-divulga-edital-de-selecao-para-profissionais-tecnicos-bolsistas-do-pronatec","status":"publish","type":"post","link":"https:\/\/www.caririemacao.com\/1\/2019\/01\/16\/secretaria-divulga-edital-de-selecao-para-profissionais-tecnicos-bolsistas-do-pronatec\/","title":{"rendered":"Secretaria divulga edital de sele\u00e7\u00e3o para profissionais t\u00e9cnicos bolsistas do Pronatec"},"content":{"rendered":"\n<p>A Secretaria de Estado da Educa\u00e7\u00e3o e da Ci\u00eancia e Tecnologia (SEECT), por meio da Ger\u00eancia Executiva de Educa\u00e7\u00e3o Profissional (GEEP), divulgou no Di\u00e1rio Oficial do Estado nesta quarta-feira (16) o edital de sele\u00e7\u00e3o para Profissionais T\u00e9cnicos Bolsistas do Programa Nacional de Acesso ao Ensino T\u00e9cnico e Emprego (Pronatec). As inscri\u00e7\u00f5es s\u00e3o gratuitas e podem ser feitas on-line pelo link:<a href=\"http:\/\/bit.ly\/pbtec\" target=\"_blank\" rel=\"noreferrer noopener\">bit.ly\/pbtec<\/a>, a partir desta quinta-feira (17) at\u00e9 o dia 19 de janeiro.<\/p>\n\n\n\n<p>As vagas ser\u00e3o destinadas para o cargo de Orientador, Supervisor e Apoio da Unidade de Ensino ou Unidade de Ensino Remoto (UER), para os cursos t\u00e9cnicos do Mediotec. Os interessados ir\u00e3o atuar em duas unidades de Ensino: Escola Cidad\u00e3 Integral T\u00e9cnica Padre Jer\u00f4nimo Lawen, em Santa Luzia e Escola Cidad\u00e3 Integral Henriques Fernandes, em Curral de Cima.<\/p>\n\n\n\n<p>Poder\u00e3o participar da Sele\u00e7\u00e3o Interna Simplificada, para exercer o encargo de Bolsista, membros de todo Magist\u00e9rio do Ensino Fundamental e M\u00e9dio e da Educa\u00e7\u00e3o Profissional da Rede p\u00fablica de Educa\u00e7\u00e3o (Federal, Municipal e Estadual) em efetivo exerc\u00edcio.<\/p>\n\n\n\n<p>A sele\u00e7\u00e3o para os cargos de que trata este edital compreender\u00e1 duas etapas: an\u00e1lise de curr\u00edculo e entrevista. Os profissionais envolvidos nas atividades da bolsa-forma\u00e7\u00e3o, em jornada extraordin\u00e1ria ao seu contrato de trabalho, dever\u00e3o ter forma\u00e7\u00e3o e experi\u00eancia compat\u00edveis com as responsabilidades relativas<\/p>\n\n\n\n<p>Os profissionais selecionados ser\u00e3o remunerados na forma de concess\u00e3o de bolsas, financiadas pelo Fundo Nacional de Desenvolvimento da Educa\u00e7\u00e3o (FNDE), de responsabilidade do Minist\u00e9rio da Educa\u00e7\u00e3o. A carga hor\u00e1ria para o desenvolvimento das atividades exercidas pelos bolsistas ser\u00e1 de 20 horas semanais, podendo ser reduzida ou ampliada de acordo com as possibilidades financeiras e demandas constatadas pela Coordena\u00e7\u00e3o Geral do Pronatec.<\/p>\n\n\n\n<p>O Pronatec tem como objetivo expandir, interiorizar e democratizar a oferta de cursos t\u00e9cnicos de n\u00edvel m\u00e9dio e de cursos de Forma\u00e7\u00e3o Inicial Continuada (FIC), para trabalhadores e estudantes, visando \u00e0 expans\u00e3o da Educa\u00e7\u00e3o Profissional e Tecnol\u00f3gica.<br><\/p>\n\n\n\n<p>Secom-PB&nbsp;<\/p>\n","protected":false},"excerpt":{"rendered":"<p>A Secretaria de Estado da Educa\u00e7\u00e3o e da Ci\u00eancia e Tecnologia (SEECT), por meio da Ger\u00eancia Executiva de Educa\u00e7\u00e3o Profissional (GEEP), divulgou no Di\u00e1rio Oficial&hellip; <\/p>\n","protected":false},"author":1,"featured_media":81322,"comment_status":"closed","ping_status":"closed","sticky":false,"template":"","format":"standard","meta":{"sfsi_plus_gutenberg_text_before_share":"","sfsi_plus_gutenberg_show_text_before_share":"","sfsi_plus_gutenberg_icon_type":"","sfsi_plus_gutenberg_icon_alignemt":"","sfsi_plus_gutenburg_max_per_row":"","footnotes":""},"categories":[50,14],"tags":[],"class_list":["post-81321","post","type-post","status-publish","format-standard","has-post-thumbnail","hentry","category-destaque","category-educacao"],"_links":{"self":[{"href":"https:\/\/www.caririemacao.com\/1\/wp-json\/wp\/v2\/posts\/81321","targetHints":{"allow":["GET"]}}],"collection":[{"href":"https:\/\/www.caririemacao.com\/1\/wp-json\/wp\/v2\/posts"}],"about":[{"href":"https:\/\/www.caririemacao.com\/1\/wp-json\/wp\/v2\/types\/post"}],"author":[{"embeddable":true,"href":"https:\/\/www.caririemacao.com\/1\/wp-json\/wp\/v2\/users\/1"}],"replies":[{"embeddable":true,"href":"https:\/\/www.caririemacao.com\/1\/wp-json\/wp\/v2\/comments?post=81321"}],"version-history":[{"count":1,"href":"https:\/\/www.caririemacao.com\/1\/wp-json\/wp\/v2\/posts\/81321\/revisions"}],"predecessor-version":[{"id":81323,"href":"https:\/\/www.caririemacao.com\/1\/wp-json\/wp\/v2\/posts\/81321\/revisions\/81323"}],"wp:featuredmedia":[{"embeddable":true,"href":"https:\/\/www.caririemacao.com\/1\/wp-json\/wp\/v2\/media\/81322"}],"wp:attachment":[{"href":"https:\/\/www.caririemacao.com\/1\/wp-json\/wp\/v2\/media?parent=81321"}],"wp:term":[{"taxonomy":"category","embeddable":true,"href":"https:\/\/www.caririemacao.com\/1\/wp-json\/wp\/v2\/categories?post=81321"},{"taxonomy":"post_tag","embeddable":true,"href":"https:\/\/www.caririemacao.com\/1\/wp-json\/wp\/v2\/tags?post=81321"}],"curies":[{"name":"wp","href":"https:\/\/api.w.org\/{rel}","templated":true}]}}