{"id":81325,"date":"2019-01-16T20:41:29","date_gmt":"2019-01-16T23:41:29","guid":{"rendered":"http:\/\/www.caririemacao.com\/1\/?p=81325"},"modified":"2019-01-16T20:41:42","modified_gmt":"2019-01-16T23:41:42","slug":"colisao-entre-duas-motos-deixa-uma-vitima-fatal-em-s-s-do-umbuzeiro","status":"publish","type":"post","link":"https:\/\/www.caririemacao.com\/1\/2019\/01\/16\/colisao-entre-duas-motos-deixa-uma-vitima-fatal-em-s-s-do-umbuzeiro\/","title":{"rendered":"Colis\u00e3o entre duas motos deixa uma v\u00edtima fatal em S. S. do Umbuzeiro"},"content":{"rendered":"\n<p>Uma colis\u00e3o frontal entre duas motocicletas resultou em uma v\u00edtima fatal na noite desta quarta-feira, 16, nas imedia\u00e7\u00f5es do portal de entrada da cidade de S\u00e3o Sebasti\u00e3o do Umbuzeiro, no Cariri Paraibano.<\/p>\n\n\n\n<p>A v\u00edtima fatal foi o comerciante Z\u00e9 Feitosa, popularmente conhecido no munic\u00edpio, que morreu no local do acidente. O SAMU foi acionado e tentou reanimar o comerciante, mais o mesmo n\u00e3o resistiu aos ferimentos.<\/p>\n\n\n\n<p>Na outra moto, seguia um popular conhecido como Mauro, que sofreu ferimentos e foi socorrido pelo SAMU para o Hospital Regional de Monteiro. N\u00e3o h\u00e1 informa\u00e7\u00f5es sobre seu estado de sa\u00fade.<\/p>\n\n\n\n<p>As causas do acidente ainda n\u00e3o desconhecidas, mais acredita-se que uma das motos tenha invadido a contram\u00e3o e provocado o acidente. A Pol\u00edcia foi acionada e uma per\u00edcia ser\u00e1 realizada no local.<\/p>\n\n\n\n<p>Vitrine do Cariri <\/p>\n","protected":false},"excerpt":{"rendered":"<p>Uma colis\u00e3o frontal entre duas motocicletas resultou em uma v\u00edtima fatal na noite desta quarta-feira, 16, nas imedia\u00e7\u00f5es do portal de entrada da cidade de&hellip; <\/p>\n","protected":false},"author":1,"featured_media":81326,"comment_status":"closed","ping_status":"closed","sticky":false,"template":"","format":"standard","meta":{"sfsi_plus_gutenberg_text_before_share":"","sfsi_plus_gutenberg_show_text_before_share":"","sfsi_plus_gutenberg_icon_type":"","sfsi_plus_gutenberg_icon_alignemt":"","sfsi_plus_gutenburg_max_per_row":"","footnotes":""},"categories":[50,12],"tags":[],"class_list":["post-81325","post","type-post","status-publish","format-standard","has-post-thumbnail","hentry","category-destaque","category-policia"],"_links":{"self":[{"href":"https:\/\/www.caririemacao.com\/1\/wp-json\/wp\/v2\/posts\/81325","targetHints":{"allow":["GET"]}}],"collection":[{"href":"https:\/\/www.caririemacao.com\/1\/wp-json\/wp\/v2\/posts"}],"about":[{"href":"https:\/\/www.caririemacao.com\/1\/wp-json\/wp\/v2\/types\/post"}],"author":[{"embeddable":true,"href":"https:\/\/www.caririemacao.com\/1\/wp-json\/wp\/v2\/users\/1"}],"replies":[{"embeddable":true,"href":"https:\/\/www.caririemacao.com\/1\/wp-json\/wp\/v2\/comments?post=81325"}],"version-history":[{"count":1,"href":"https:\/\/www.caririemacao.com\/1\/wp-json\/wp\/v2\/posts\/81325\/revisions"}],"predecessor-version":[{"id":81327,"href":"https:\/\/www.caririemacao.com\/1\/wp-json\/wp\/v2\/posts\/81325\/revisions\/81327"}],"wp:featuredmedia":[{"embeddable":true,"href":"https:\/\/www.caririemacao.com\/1\/wp-json\/wp\/v2\/media\/81326"}],"wp:attachment":[{"href":"https:\/\/www.caririemacao.com\/1\/wp-json\/wp\/v2\/media?parent=81325"}],"wp:term":[{"taxonomy":"category","embeddable":true,"href":"https:\/\/www.caririemacao.com\/1\/wp-json\/wp\/v2\/categories?post=81325"},{"taxonomy":"post_tag","embeddable":true,"href":"https:\/\/www.caririemacao.com\/1\/wp-json\/wp\/v2\/tags?post=81325"}],"curies":[{"name":"wp","href":"https:\/\/api.w.org\/{rel}","templated":true}]}}