{"id":81331,"date":"2019-01-16T21:47:33","date_gmt":"2019-01-17T00:47:33","guid":{"rendered":"http:\/\/www.caririemacao.com\/1\/?p=81331"},"modified":"2019-01-16T21:47:48","modified_gmt":"2019-01-17T00:47:48","slug":"campinense-apresenta-mais-um-reforco-e-diretoria-busca-zagueiro","status":"publish","type":"post","link":"https:\/\/www.caririemacao.com\/1\/2019\/01\/16\/campinense-apresenta-mais-um-reforco-e-diretoria-busca-zagueiro\/","title":{"rendered":"Campinense apresenta mais um refor\u00e7o e diretoria busca zagueiro"},"content":{"rendered":"\n<p><br>O Campinense apresentou nesta quarta-feira (16) o seu 27\u00ba refor\u00e7o para a temporada de 2019, que come\u00e7ou no \u00faltimo domingo com empate em Sousa, na estreia do&nbsp; Campeonato Paraibano.<\/p>\n\n\n\n<figure class=\"wp-block-image\"><img decoding=\"async\" data-src=\"https:\/\/paraibaonline.com.br\/wp-content\/uploads\/2019\/01\/Jo%C3%A3oVitor_CC-567x327.jpg\" alt=\"\" class=\"wp-image-561242 lazyload\" src=\"data:image\/svg+xml;base64,PHN2ZyB3aWR0aD0iMSIgaGVpZ2h0PSIxIiB4bWxucz0iaHR0cDovL3d3dy53My5vcmcvMjAwMC9zdmciPjwvc3ZnPg==\" style=\"--smush-placeholder-width: 567px; --smush-placeholder-aspect-ratio: 567\/327;\" \/><\/figure>\n\n\n\n<p>Foto: Ascom \/ Campinense Clube<\/p>\n\n\n\n<p>Trata-se do volante Jo\u00e3o Vitor, de 23 anos, que vem a ser hom\u00f4nimo do lateral esquerdo contratado h\u00e1 duas semanas. Nesse sentido, at\u00e9 antes da chegada do jogador, que desembarcou na noite de ontem em Campina Grande, o t\u00e9cnico Francisco Di\u00e1 j\u00e1 avisava que o meio-campista dever\u00e1 ser tratado como Jo\u00e3o Vitor Maranhense.<\/p>\n\n\n\n<p>O atleta \u00e9 natural de S\u00e3o Lu\u00eds-MA e oriundo da base do Sampaio Corr\u00eaa, clube que o emprestou ao Campinense.<\/p>\n\n\n\n<p>Um&nbsp;dos melhores momentos do atleta pelo time profissional da Bol\u00edvia Querida foi em 2017, quando participou de oito partidas sob o comando de Francisco Di\u00e1, sendo pelo Campeonato Maranhense ou pela S\u00e9rie C, marcando um gol no Brasileiro.<\/p>\n\n\n\n<p>De acordo com o coordenador t\u00e9cnico da Raposa, Paulo Moroni, as contrata\u00e7\u00f5es rubro-negras n\u00e3o devem parar. A meta agora, segundo o dirigente, \u00e9 a aquisi\u00e7\u00e3o de mais um zagueiro.<\/p>\n\n\n\n<p>O Rubro-Negro volta a campo no pr\u00f3ximo domingo (20), \u00e0s 16h, no Amig\u00e3o, para encarar o Nacional de Patos.<\/p>\n\n\n\n<p><strong>Veja o elenco do Campinense para a temporada 2019.<\/strong><\/p>\n\n\n\n<p><strong>Goleiros<\/strong>: Wagner Coradin, Diego Neto e Caio Ruan<\/p>\n\n\n\n<p><strong>Zagueiros<\/strong>: Henrique Mattos, Richardson, Jean e Matheus.<\/p>\n\n\n\n<p><strong>Laterais<\/strong>: Ne\u00edlson e Gustavo (D); James e Jo\u00e3o Victor (E)<\/p>\n\n\n\n<p><strong>Volantes<\/strong>: Ded\u00e9, Odair, Cleber, Romeu, Gabriel e Jo\u00e3o Vitor Maranhense<\/p>\n\n\n\n<p><strong>Meias<\/strong>: Alex Mineiro, Alisson Xabala e Jo\u00e3o Paulo<\/p>\n\n\n\n<p><strong>Atacantes<\/strong>: Chaveirinho, Lopeu, Afonso Junior, Felipe Tchel\u00e9, Denis, Warlei e Cleiton<\/p>\n","protected":false},"excerpt":{"rendered":"<p>O Campinense apresentou nesta quarta-feira (16) o seu 27\u00ba refor\u00e7o para a temporada de 2019, que come\u00e7ou no \u00faltimo domingo com empate em Sousa, na&hellip; <\/p>\n","protected":false},"author":1,"featured_media":81332,"comment_status":"closed","ping_status":"closed","sticky":false,"template":"","format":"standard","meta":{"sfsi_plus_gutenberg_text_before_share":"","sfsi_plus_gutenberg_show_text_before_share":"","sfsi_plus_gutenberg_icon_type":"","sfsi_plus_gutenberg_icon_alignemt":"","sfsi_plus_gutenburg_max_per_row":"","footnotes":""},"categories":[13],"tags":[],"class_list":["post-81331","post","type-post","status-publish","format-standard","has-post-thumbnail","hentry","category-esportes"],"_links":{"self":[{"href":"https:\/\/www.caririemacao.com\/1\/wp-json\/wp\/v2\/posts\/81331","targetHints":{"allow":["GET"]}}],"collection":[{"href":"https:\/\/www.caririemacao.com\/1\/wp-json\/wp\/v2\/posts"}],"about":[{"href":"https:\/\/www.caririemacao.com\/1\/wp-json\/wp\/v2\/types\/post"}],"author":[{"embeddable":true,"href":"https:\/\/www.caririemacao.com\/1\/wp-json\/wp\/v2\/users\/1"}],"replies":[{"embeddable":true,"href":"https:\/\/www.caririemacao.com\/1\/wp-json\/wp\/v2\/comments?post=81331"}],"version-history":[{"count":1,"href":"https:\/\/www.caririemacao.com\/1\/wp-json\/wp\/v2\/posts\/81331\/revisions"}],"predecessor-version":[{"id":81333,"href":"https:\/\/www.caririemacao.com\/1\/wp-json\/wp\/v2\/posts\/81331\/revisions\/81333"}],"wp:featuredmedia":[{"embeddable":true,"href":"https:\/\/www.caririemacao.com\/1\/wp-json\/wp\/v2\/media\/81332"}],"wp:attachment":[{"href":"https:\/\/www.caririemacao.com\/1\/wp-json\/wp\/v2\/media?parent=81331"}],"wp:term":[{"taxonomy":"category","embeddable":true,"href":"https:\/\/www.caririemacao.com\/1\/wp-json\/wp\/v2\/categories?post=81331"},{"taxonomy":"post_tag","embeddable":true,"href":"https:\/\/www.caririemacao.com\/1\/wp-json\/wp\/v2\/tags?post=81331"}],"curies":[{"name":"wp","href":"https:\/\/api.w.org\/{rel}","templated":true}]}}