{"id":81336,"date":"2019-01-17T07:14:15","date_gmt":"2019-01-17T10:14:15","guid":{"rendered":"http:\/\/www.caririemacao.com\/1\/?p=81336"},"modified":"2019-01-17T07:14:25","modified_gmt":"2019-01-17T10:14:25","slug":"policial-rodoviario-federal-e-suspeito-de-roubar-veiculo-e-se-envolver-em-acidente","status":"publish","type":"post","link":"https:\/\/www.caririemacao.com\/1\/2019\/01\/17\/policial-rodoviario-federal-e-suspeito-de-roubar-veiculo-e-se-envolver-em-acidente\/","title":{"rendered":"Policial rodovi\u00e1rio federal \u00e9 suspeito de roubar ve\u00edculo e se envolver em acidente"},"content":{"rendered":"\n<p>Um policial rodovi\u00e1rio federal \u00e9 suspeito de ter roubado um ve\u00edculo de uma pessoa no bairro de Intermares, em Cabedelo e logo depois se envolver em um acidente.<\/p>\n\n\n\n<p>A fam\u00edlia da vitima foi surpreendida pelo assaltante quando estava entrando no ve\u00edculo e registrou um boletim de ocorr\u00eancia.<\/p>\n\n\n\n<p>O dono do ve\u00edculo recebeu a informa\u00e7\u00e3o que o carro tinha se envolvido em um acidente na BR-230 e quando foi at\u00e9 a Pol\u00edcia Rodovi\u00e1ria Federal (PRF) descobriu que o criminoso era um policial rodovi\u00e1rio federal.<\/p>\n\n\n\n<p>O suspeito tem 52 anos e trabalhava na PRF de Campina Grande, onde tamb\u00e9m \u00e9 empres\u00e1rio.<\/p>\n\n\n\n<p>Em nota, a PRF afirmou que recebeu a den\u00fancia e acionou o a corregedoria para apurar a conduta do servidor. Ele foi afastado das fun\u00e7\u00f5es.<\/p>\n\n\n\n<p>Para\u00edba Online <\/p>\n","protected":false},"excerpt":{"rendered":"<p>Um policial rodovi\u00e1rio federal \u00e9 suspeito de ter roubado um ve\u00edculo de uma pessoa no bairro de Intermares, em Cabedelo e logo depois se envolver&hellip; <\/p>\n","protected":false},"author":1,"featured_media":71194,"comment_status":"closed","ping_status":"closed","sticky":false,"template":"","format":"standard","meta":{"sfsi_plus_gutenberg_text_before_share":"","sfsi_plus_gutenberg_show_text_before_share":"","sfsi_plus_gutenberg_icon_type":"","sfsi_plus_gutenberg_icon_alignemt":"","sfsi_plus_gutenburg_max_per_row":"","footnotes":""},"categories":[12],"tags":[],"class_list":["post-81336","post","type-post","status-publish","format-standard","has-post-thumbnail","hentry","category-policia"],"_links":{"self":[{"href":"https:\/\/www.caririemacao.com\/1\/wp-json\/wp\/v2\/posts\/81336","targetHints":{"allow":["GET"]}}],"collection":[{"href":"https:\/\/www.caririemacao.com\/1\/wp-json\/wp\/v2\/posts"}],"about":[{"href":"https:\/\/www.caririemacao.com\/1\/wp-json\/wp\/v2\/types\/post"}],"author":[{"embeddable":true,"href":"https:\/\/www.caririemacao.com\/1\/wp-json\/wp\/v2\/users\/1"}],"replies":[{"embeddable":true,"href":"https:\/\/www.caririemacao.com\/1\/wp-json\/wp\/v2\/comments?post=81336"}],"version-history":[{"count":1,"href":"https:\/\/www.caririemacao.com\/1\/wp-json\/wp\/v2\/posts\/81336\/revisions"}],"predecessor-version":[{"id":81337,"href":"https:\/\/www.caririemacao.com\/1\/wp-json\/wp\/v2\/posts\/81336\/revisions\/81337"}],"wp:featuredmedia":[{"embeddable":true,"href":"https:\/\/www.caririemacao.com\/1\/wp-json\/wp\/v2\/media\/71194"}],"wp:attachment":[{"href":"https:\/\/www.caririemacao.com\/1\/wp-json\/wp\/v2\/media?parent=81336"}],"wp:term":[{"taxonomy":"category","embeddable":true,"href":"https:\/\/www.caririemacao.com\/1\/wp-json\/wp\/v2\/categories?post=81336"},{"taxonomy":"post_tag","embeddable":true,"href":"https:\/\/www.caririemacao.com\/1\/wp-json\/wp\/v2\/tags?post=81336"}],"curies":[{"name":"wp","href":"https:\/\/api.w.org\/{rel}","templated":true}]}}