{"id":81354,"date":"2019-01-17T07:49:24","date_gmt":"2019-01-17T10:49:24","guid":{"rendered":"http:\/\/www.caririemacao.com\/1\/?p=81354"},"modified":"2019-01-17T07:49:36","modified_gmt":"2019-01-17T10:49:36","slug":"paraibana-morre-depois-de-ser-esfaqueada-e-espancada-por-um-casal-em-sao-paulo","status":"publish","type":"post","link":"https:\/\/www.caririemacao.com\/1\/2019\/01\/17\/paraibana-morre-depois-de-ser-esfaqueada-e-espancada-por-um-casal-em-sao-paulo\/","title":{"rendered":"Paraibana morre depois de ser esfaqueada e espancada por um casal, em S\u00e3o Paulo"},"content":{"rendered":"\n<p>A jovem Roneide Santos, natural da cidade de Concei\u00e7\u00e3o, foi brutalmente espancada por um casal nesta ter\u00e7a-feira (15), na cidade de Peru\u00edbe, zona Sul de S\u00e3o Paulo e morreu, depois de ser socorrida e ficar internada em um hospital local. Um casal, que residia vizinho da jovem foi preso em flagrante, acusado de praticar o crime.<\/p>\n\n\n\n<p>De acordo com informa\u00e7\u00f5es apuradas pela Pol\u00edcia Militar de S\u00e3o Paulo, primeiro a mulher do suspeito esfaqueou a v\u00edtima que caiu no ch\u00e3o. Em seguida, o marido pegou um ve\u00edculo e atropelou a jovem.<\/p>\n\n\n\n<p>Uma viatura da PM fazia patrulhamento quando os policiais ouviram gritos de uma mulher, que pedia socorro na esquina das ruas Tupi e Carlos Gomes, no Jardim Ribamar. Os policiais seguiram o som e ao chegar no local encontraram um ve\u00edculo vermelho estacionado. Ao notar a presen\u00e7a da pol\u00edcia um casal fugiu do local. No ch\u00e3o a jovem concei\u00e7\u00e3oense estava ca\u00edda com diversos ferimentos e fraturas. Ela foi socorrida, mas n\u00e3o resistiu aos ferimentos e faleceu, segundo informou um homem natural de Concei\u00e7\u00e3o, que reside em S\u00e3o Paulo e \u00e9 casado com uma tia da jovem.<\/p>\n\n\n\n<p>Na viatura os policiais seguiram acompanhar o ve\u00edculo e poucos instantes depois o casal foi abordado. Tanto o homem quanto a mulher estava com a roupa suja de sangue e no interior do ve\u00edculo foi encontrada uma faca suja de sangue. Segundo a PM, a vaca teria sido usada para golpear a jovem.<\/p>\n\n\n\n<p>VALE DO PIANC\u00d3 NOT\u00cdCIAS<\/p>\n","protected":false},"excerpt":{"rendered":"<p>A jovem Roneide Santos, natural da cidade de Concei\u00e7\u00e3o, foi brutalmente espancada por um casal nesta ter\u00e7a-feira (15), na cidade de Peru\u00edbe, zona Sul de&hellip; <\/p>\n","protected":false},"author":1,"featured_media":81355,"comment_status":"closed","ping_status":"closed","sticky":false,"template":"","format":"standard","meta":{"sfsi_plus_gutenberg_text_before_share":"","sfsi_plus_gutenberg_show_text_before_share":"","sfsi_plus_gutenberg_icon_type":"","sfsi_plus_gutenberg_icon_alignemt":"","sfsi_plus_gutenburg_max_per_row":"","footnotes":""},"categories":[50,12],"tags":[],"class_list":["post-81354","post","type-post","status-publish","format-standard","has-post-thumbnail","hentry","category-destaque","category-policia"],"_links":{"self":[{"href":"https:\/\/www.caririemacao.com\/1\/wp-json\/wp\/v2\/posts\/81354","targetHints":{"allow":["GET"]}}],"collection":[{"href":"https:\/\/www.caririemacao.com\/1\/wp-json\/wp\/v2\/posts"}],"about":[{"href":"https:\/\/www.caririemacao.com\/1\/wp-json\/wp\/v2\/types\/post"}],"author":[{"embeddable":true,"href":"https:\/\/www.caririemacao.com\/1\/wp-json\/wp\/v2\/users\/1"}],"replies":[{"embeddable":true,"href":"https:\/\/www.caririemacao.com\/1\/wp-json\/wp\/v2\/comments?post=81354"}],"version-history":[{"count":1,"href":"https:\/\/www.caririemacao.com\/1\/wp-json\/wp\/v2\/posts\/81354\/revisions"}],"predecessor-version":[{"id":81356,"href":"https:\/\/www.caririemacao.com\/1\/wp-json\/wp\/v2\/posts\/81354\/revisions\/81356"}],"wp:featuredmedia":[{"embeddable":true,"href":"https:\/\/www.caririemacao.com\/1\/wp-json\/wp\/v2\/media\/81355"}],"wp:attachment":[{"href":"https:\/\/www.caririemacao.com\/1\/wp-json\/wp\/v2\/media?parent=81354"}],"wp:term":[{"taxonomy":"category","embeddable":true,"href":"https:\/\/www.caririemacao.com\/1\/wp-json\/wp\/v2\/categories?post=81354"},{"taxonomy":"post_tag","embeddable":true,"href":"https:\/\/www.caririemacao.com\/1\/wp-json\/wp\/v2\/tags?post=81354"}],"curies":[{"name":"wp","href":"https:\/\/api.w.org\/{rel}","templated":true}]}}