{"id":81357,"date":"2019-01-17T07:52:05","date_gmt":"2019-01-17T10:52:05","guid":{"rendered":"http:\/\/www.caririemacao.com\/1\/?p=81357"},"modified":"2019-01-17T07:52:16","modified_gmt":"2019-01-17T10:52:16","slug":"nascidos-em-janeiro-e-fevereiro-recebem-abono-salarial-2017-a-partir-desta-quinta","status":"publish","type":"post","link":"https:\/\/www.caririemacao.com\/1\/2019\/01\/17\/nascidos-em-janeiro-e-fevereiro-recebem-abono-salarial-2017-a-partir-desta-quinta\/","title":{"rendered":"Nascidos em janeiro e fevereiro recebem Abono Salarial 2017 a partir desta quinta"},"content":{"rendered":"\n<p>Come\u00e7a nesta&nbsp;quinta-feira (17) o pagamento do s\u00e9timo lote do Abono Salarial PIS\/Pasep 2018-2019, ano-base 2017. Podem receber o benef\u00edcio os trabalhadores da iniciativa privada nascidos em janeiro e fevereiro e os servidores p\u00fablicos com final de inscri\u00e7\u00e3o 5.<\/p>\n\n\n\n<p>A estimativa da Secretaria de Previd\u00eancia e Trabalho, do Minist\u00e9rio da Economia, \u00e9 que mais de R$ 2,8 bilh\u00f5es sejam pagos a aproximadamente&nbsp;3,4 milh\u00f5es de trabalhadores.<\/p>\n\n\n\n<p>Trabalhadores da iniciativa privada devem procurar a Caixa Econ\u00f4mica Federal. A consulta pode ser feita pessoalmente, pela&nbsp;internet&nbsp;ou pelo telefone&nbsp;0800-726 02 07. Para servidores p\u00fablicos, a refer\u00eancia \u00e9 o Banco do Brasil, que tamb\u00e9m fornece informa\u00e7\u00f5es pessoalmente, pela&nbsp;internet&nbsp;ou pelo telefone&nbsp;0800-729 00 01. Os correntistas da Caixa Econ\u00f4mica Federal, institui\u00e7\u00e3o banc\u00e1ria respons\u00e1vel pelo pagamento do PIS (iniciativa privada),&nbsp;ter\u00e3o os valores depositados em suas contas nesta&nbsp;ter\u00e7a-feira (15).<\/p>\n\n\n\n<p>Direito&nbsp;\u2013 Tem direito ao abono salarial ano-base 2017 quem estava inscrito no PIS\/Pasep h\u00e1 pelo menos cinco anos, trabalhou formalmente por pelo menos 30 dias em 2017, teve remunera\u00e7\u00e3o mensal m\u00e9dia de at\u00e9 dois sal\u00e1rios m\u00ednimos e seus dados foram informados corretamente pelo empregador na Rela\u00e7\u00e3o Anual de Informa\u00e7\u00f5es Sociais (Rais).<\/p>\n\n\n\n<p>O valor do benef\u00edcio \u00e9 proporcional ao tempo trabalhado formalmente em 2017. Assim, quem esteve empregado o ano todo recebe o valor cheio, equivalente a um sal\u00e1rio m\u00ednimo (R$ 998). Quem trabalhou por apenas 30 dias recebe o valor m\u00ednimo, que \u00e9 de R$ 84 \u2013 ou 1\/12 do sal\u00e1rio m\u00ednimo \u2013, e assim sucessivamente.<\/p>\n\n\n\n<p>Para os trabalhadores nascidos entre julho e dezembro, o Abono Salarial ano-base 2017 come\u00e7ou a ser pago em 2018. Os nascidos&nbsp;de janeiro&nbsp;a junho realizam o saque em 2019 (veja tabela abaixo). O prazo final de recebimento para todos os trabalhadores favorecidos pelo programa \u00e9&nbsp;28 de junho&nbsp;de 2019.<\/p>\n","protected":false},"excerpt":{"rendered":"<p>Come\u00e7a nesta&nbsp;quinta-feira (17) o pagamento do s\u00e9timo lote do Abono Salarial PIS\/Pasep 2018-2019, ano-base 2017. Podem receber o benef\u00edcio os trabalhadores da iniciativa privada nascidos&hellip; <\/p>\n","protected":false},"author":1,"featured_media":36650,"comment_status":"closed","ping_status":"closed","sticky":false,"template":"","format":"standard","meta":{"sfsi_plus_gutenberg_text_before_share":"","sfsi_plus_gutenberg_show_text_before_share":"","sfsi_plus_gutenberg_icon_type":"","sfsi_plus_gutenberg_icon_alignemt":"","sfsi_plus_gutenburg_max_per_row":"","footnotes":""},"categories":[2],"tags":[],"class_list":["post-81357","post","type-post","status-publish","format-standard","has-post-thumbnail","hentry","category-geral"],"_links":{"self":[{"href":"https:\/\/www.caririemacao.com\/1\/wp-json\/wp\/v2\/posts\/81357","targetHints":{"allow":["GET"]}}],"collection":[{"href":"https:\/\/www.caririemacao.com\/1\/wp-json\/wp\/v2\/posts"}],"about":[{"href":"https:\/\/www.caririemacao.com\/1\/wp-json\/wp\/v2\/types\/post"}],"author":[{"embeddable":true,"href":"https:\/\/www.caririemacao.com\/1\/wp-json\/wp\/v2\/users\/1"}],"replies":[{"embeddable":true,"href":"https:\/\/www.caririemacao.com\/1\/wp-json\/wp\/v2\/comments?post=81357"}],"version-history":[{"count":1,"href":"https:\/\/www.caririemacao.com\/1\/wp-json\/wp\/v2\/posts\/81357\/revisions"}],"predecessor-version":[{"id":81358,"href":"https:\/\/www.caririemacao.com\/1\/wp-json\/wp\/v2\/posts\/81357\/revisions\/81358"}],"wp:featuredmedia":[{"embeddable":true,"href":"https:\/\/www.caririemacao.com\/1\/wp-json\/wp\/v2\/media\/36650"}],"wp:attachment":[{"href":"https:\/\/www.caririemacao.com\/1\/wp-json\/wp\/v2\/media?parent=81357"}],"wp:term":[{"taxonomy":"category","embeddable":true,"href":"https:\/\/www.caririemacao.com\/1\/wp-json\/wp\/v2\/categories?post=81357"},{"taxonomy":"post_tag","embeddable":true,"href":"https:\/\/www.caririemacao.com\/1\/wp-json\/wp\/v2\/tags?post=81357"}],"curies":[{"name":"wp","href":"https:\/\/api.w.org\/{rel}","templated":true}]}}