{"id":81367,"date":"2019-01-17T10:12:07","date_gmt":"2019-01-17T13:12:07","guid":{"rendered":"http:\/\/www.caririemacao.com\/1\/?p=81367"},"modified":"2019-01-17T10:12:20","modified_gmt":"2019-01-17T13:12:20","slug":"ex-governador-da-paraiba-toma-posse-como-presidente-da-fundacao-joao-mangabeira","status":"publish","type":"post","link":"https:\/\/www.caririemacao.com\/1\/2019\/01\/17\/ex-governador-da-paraiba-toma-posse-como-presidente-da-fundacao-joao-mangabeira\/","title":{"rendered":"Ex-governador da Para\u00edba toma posse como presidente da Funda\u00e7\u00e3o Jo\u00e3o Mangabeira"},"content":{"rendered":"\n<p>         O ex-governador da Para\u00edba Ricardo Coutinho tomou posse como presidente da Funda\u00e7\u00e3o Jo\u00e3o Mangabeira (FJM) em ato que contou com a presen\u00e7a de lideran\u00e7as partid\u00e1rias, parlamentares e representantes dos segmentos sociais do PSB, nesta quarta-feira (16), na sede da Funda\u00e7\u00e3o, em Bras\u00edlia. Participaram da solenidade o presidente nacional do PSB e presidente do Conselho Curador da FJM, Carlos Siqueira, o atual governador da Para\u00edba, o socialista Jo\u00e3o Azevedo, o deputado federal eleito Gerv\u00e1sio Maia (PSB-PB), a ex-deputada federal Janete Capiberibe (PSB-AP), al\u00e9m de integrantes do Conselho Curador da Funda\u00e7\u00e3o. Em sua sauda\u00e7\u00e3o, Siqueira elogiou Renato Casagrande e Alexandre Navarro pelo trabalho de  consolida\u00e7\u00e3o da FJM nos \u00faltimos anos. Casagrande presidiu a entidade de novembro de 2014 a abril de 2018, quando ingressou em campanha para governador do Esp\u00edrito Santo, cargo que assumiu no dia 1\u00ba de janeiro.  J\u00e1 Navarro esteve \u00e0 frente da Funda\u00e7\u00e3o por sete meses e passa agora a exercer a fun\u00e7\u00e3o de diretor vice-presidente. Foto: Humberto Pradera Foto: Humberto Pradera O presidente do PSB destacou Coutinho como \u201cum homem de desafios\u201d e um dos mais importantes quadros do partido e da pol\u00edtica paraibana. Por duas vezes, Coutinho foi prefeito de Jo\u00e3o Pessoa e governador da Para\u00edba, o mais bem avaliado da hist\u00f3ria do Estado. O ex-governador fez ainda o seu sucessor, o socialista Jo\u00e3o Azevedo, que assumiu o Executivo estadual em 1\u00ba de janeiro. \u201cO governador Coutinho \u00e9 um orgulho para o nosso partido porque ele teve uma experi\u00eancia extremamente exitosa tanto na capital como em um Estado com muitos v\u00edcios pol\u00edticos e hist\u00f3ricos consolidados\u201d, destacou Siqueira. \u201cEm torno do nome dele se formou um consenso, o que \u00e9 revelador por sua liga\u00e7\u00e3o com o partido e com a milit\u00e2ncia\u201d, acrescentou Siqueira. Para o presidente do PSB, Ricardo Coutinho assume a Funda\u00e7\u00e3o no momento mais desafiador da pol\u00edtica nacional das \u00faltimas cinco d\u00e9cadas, em que os direitos sociais dos mais pobres e da classe m\u00e9dia s\u00e3o amea\u00e7ados por pol\u00edticas concentradoras e anti-democr\u00e1ticas. Siqueira tamb\u00e9m ressaltou que, no atual cen\u00e1rio pol\u00edtico de retrocessos, o papel das funda\u00e7\u00f5es dos partidos de esquerda ser\u00e1 ainda mais fundamental para a qualifica\u00e7\u00e3o da atividade partid\u00e1ria no Congresso Nacional e nas assembleias legislativas. Ainda no fim deste m\u00eas, ser\u00e1 lan\u00e7ado o Observat\u00f3rio da Democracia, iniciativa de cinco partidos de esquerda, incluindo o PSB, que reuniram suas funda\u00e7\u00f5es para avaliar as pol\u00edticas do atual governo do presidente Jair Bolsonaro e subsidiar a atua\u00e7\u00e3o dos parlamentares progressistas no Congresso Nacional. \u201cCabe a todos n\u00f3s, os partidos que comp\u00f5em a frente de centro-esquerda no pa\u00eds, em caso particular, o bloco formado por PSB, PDT e PCdoB, arrega\u00e7ar as mangas, recompor  a manuten\u00e7\u00e3o dos direitos sociais e ampliar o espa\u00e7o democr\u00e1tico do nosso pa\u00eds que est\u00e1 sendo rigorosamente reduzido\u201d, destacou. Foto: Humberto Pradera Foto: Humberto Pradera Em seu discurso, Ricardo Coutinho disse que um dos principais desafios \u00e0 frente da Funda\u00e7\u00e3o ser\u00e1 preparar quadros qualificados e com identidade partid\u00e1ria para as elei\u00e7\u00f5es municipais de 2020. \u201cN\u00f3s iremos passar pelo primeiro grande teste. Ser\u00e1 a primeira elei\u00e7\u00e3o sem alian\u00e7a proporcional\u201d, destacou Coutinho. \u201cQuero misturar a experi\u00eancia que eu trago com a experi\u00eancia que existe na Funda\u00e7\u00e3o\u201d, acrescentou. O presidente da FJM tamb\u00e9m defendeu \u201ccapitalizar\u201d experi\u00eancias de \u00eaxito implementadas por governos do PSB em v\u00e1rias partes do pa\u00eds. Ele citou, como exemplo, o Or\u00e7amento Participativo, programa que levou 268 mil paraibanos a plen\u00e1rias para ajudar o governo da Para\u00edba a definir prioridades no or\u00e7amento estadual. \u201cComo socializamos essas experi\u00eancias dentro dos nossos quadros e tamb\u00e9m para fora do partido?\u201d, indagou. \u201cNenhuma institui\u00e7\u00e3o existe para si, para dentro. A pol\u00edtica tem que existir para fora. E eu acho que n\u00f3s devemos cada vez mais ampliar essas tentativas, num momento profundamente \u00e1rido que o nosso pa\u00eds vive\u201d, defendeu o presidente da FJM. Para o diretor vice-presidente da Funda\u00e7\u00e3o, Alexandre Navarro, um dos principais desafios da FJM ser\u00e1 ampliar seus espa\u00e7os de formula\u00e7\u00e3o de pol\u00edticas p\u00fablicas e de qualifica\u00e7\u00e3o de quadros do partido, al\u00e9m de implementar outros projetos, j\u00e1 em curso, como a internacionaliza\u00e7\u00e3o da Funda\u00e7\u00e3o e a institui\u00e7\u00e3o da Escola Miguel Arraes. \u201cOutro desafio tamb\u00e9m ser\u00e1 2020, porque n\u00e3o haver\u00e1 mais coliga\u00e7\u00e3o. Temos que lan\u00e7ar vereadores e prefeitos nessa reordena\u00e7\u00e3o pol\u00edtica\u201d, disse Navarro. <\/p>\n\n\n\n<p><\/p>\n\n\n\n<p>Para\u00edba Online<\/p>\n","protected":false},"excerpt":{"rendered":"<p>O ex-governador da Para\u00edba Ricardo Coutinho tomou posse como presidente da Funda\u00e7\u00e3o Jo\u00e3o Mangabeira (FJM) em ato que contou com a presen\u00e7a de lideran\u00e7as partid\u00e1rias,&hellip; <\/p>\n","protected":false},"author":1,"featured_media":81368,"comment_status":"closed","ping_status":"closed","sticky":false,"template":"","format":"standard","meta":{"sfsi_plus_gutenberg_text_before_share":"","sfsi_plus_gutenberg_show_text_before_share":"","sfsi_plus_gutenberg_icon_type":"","sfsi_plus_gutenberg_icon_alignemt":"","sfsi_plus_gutenburg_max_per_row":"","footnotes":""},"categories":[11],"tags":[],"class_list":["post-81367","post","type-post","status-publish","format-standard","has-post-thumbnail","hentry","category-politica"],"_links":{"self":[{"href":"https:\/\/www.caririemacao.com\/1\/wp-json\/wp\/v2\/posts\/81367","targetHints":{"allow":["GET"]}}],"collection":[{"href":"https:\/\/www.caririemacao.com\/1\/wp-json\/wp\/v2\/posts"}],"about":[{"href":"https:\/\/www.caririemacao.com\/1\/wp-json\/wp\/v2\/types\/post"}],"author":[{"embeddable":true,"href":"https:\/\/www.caririemacao.com\/1\/wp-json\/wp\/v2\/users\/1"}],"replies":[{"embeddable":true,"href":"https:\/\/www.caririemacao.com\/1\/wp-json\/wp\/v2\/comments?post=81367"}],"version-history":[{"count":1,"href":"https:\/\/www.caririemacao.com\/1\/wp-json\/wp\/v2\/posts\/81367\/revisions"}],"predecessor-version":[{"id":81369,"href":"https:\/\/www.caririemacao.com\/1\/wp-json\/wp\/v2\/posts\/81367\/revisions\/81369"}],"wp:featuredmedia":[{"embeddable":true,"href":"https:\/\/www.caririemacao.com\/1\/wp-json\/wp\/v2\/media\/81368"}],"wp:attachment":[{"href":"https:\/\/www.caririemacao.com\/1\/wp-json\/wp\/v2\/media?parent=81367"}],"wp:term":[{"taxonomy":"category","embeddable":true,"href":"https:\/\/www.caririemacao.com\/1\/wp-json\/wp\/v2\/categories?post=81367"},{"taxonomy":"post_tag","embeddable":true,"href":"https:\/\/www.caririemacao.com\/1\/wp-json\/wp\/v2\/tags?post=81367"}],"curies":[{"name":"wp","href":"https:\/\/api.w.org\/{rel}","templated":true}]}}