{"id":81370,"date":"2019-01-17T10:14:44","date_gmt":"2019-01-17T13:14:44","guid":{"rendered":"http:\/\/www.caririemacao.com\/1\/?p=81370"},"modified":"2019-01-17T10:14:56","modified_gmt":"2019-01-17T13:14:56","slug":"governo-cogita-redutor-para-quem-acumula-aposentadoria-e-pensao","status":"publish","type":"post","link":"https:\/\/www.caririemacao.com\/1\/2019\/01\/17\/governo-cogita-redutor-para-quem-acumula-aposentadoria-e-pensao\/","title":{"rendered":"Governo cogita redutor para quem acumula aposentadoria e pens\u00e3o"},"content":{"rendered":"\n<p>ntre as propostas que est\u00e3o sendo elaboradas pela equipe do ministro Paulo Guedes (Economia) para a reforma da Previd\u00eancia est\u00e1 a ado\u00e7\u00e3o de um redutor nos casos de pagamento acumulado de aposentadoria e pens\u00e3o, informa o jornal O Estado de S\u00e3o Paulo. O Brasil \u00e9 o \u00fanico pa\u00eds que ainda permite o ac\u00famulo de mais de um benef\u00edcio previdenci\u00e1rio, o que gera um custo de R$ 64 bilh\u00f5es. Foto: Reprodu\u00e7\u00e3o Foto: Reprodu\u00e7\u00e3o O plano \u00e9 que o desconto cres\u00e7a quanto maior for o valor da soma dos benef\u00edcios. O pagamento integral seria mantido apenas at\u00e9 um sal\u00e1rio m\u00ednimo. A partir da\u00ed, se a soma dos benef\u00edcios chegar a tr\u00eas m\u00ednimos, o corte seria de 20%, passando a 40% (at\u00e9 cinco m\u00ednimos), 50% (at\u00e9 oito m\u00ednimos) e 60% (oito m\u00ednimos em diante), acrescenta o jornal. Segundo dados oficiais, um ter\u00e7o dos pensionistas brasileiros (2,4 milh\u00f5es de pessoas) acumula benef\u00edcio e aposentadoria.\u00a0<\/p>\n\n\n\n<p> estadao <\/p>\n\n\n\n<p><\/p>\n\n\n\n<p><\/p>\n","protected":false},"excerpt":{"rendered":"<p>ntre as propostas que est\u00e3o sendo elaboradas pela equipe do ministro Paulo Guedes (Economia) para a reforma da Previd\u00eancia est\u00e1 a ado\u00e7\u00e3o de um redutor&hellip; <\/p>\n","protected":false},"author":1,"featured_media":12199,"comment_status":"closed","ping_status":"closed","sticky":false,"template":"","format":"standard","meta":{"sfsi_plus_gutenberg_text_before_share":"","sfsi_plus_gutenberg_show_text_before_share":"","sfsi_plus_gutenberg_icon_type":"","sfsi_plus_gutenberg_icon_alignemt":"","sfsi_plus_gutenburg_max_per_row":"","footnotes":""},"categories":[11],"tags":[],"class_list":["post-81370","post","type-post","status-publish","format-standard","has-post-thumbnail","hentry","category-politica"],"_links":{"self":[{"href":"https:\/\/www.caririemacao.com\/1\/wp-json\/wp\/v2\/posts\/81370","targetHints":{"allow":["GET"]}}],"collection":[{"href":"https:\/\/www.caririemacao.com\/1\/wp-json\/wp\/v2\/posts"}],"about":[{"href":"https:\/\/www.caririemacao.com\/1\/wp-json\/wp\/v2\/types\/post"}],"author":[{"embeddable":true,"href":"https:\/\/www.caririemacao.com\/1\/wp-json\/wp\/v2\/users\/1"}],"replies":[{"embeddable":true,"href":"https:\/\/www.caririemacao.com\/1\/wp-json\/wp\/v2\/comments?post=81370"}],"version-history":[{"count":2,"href":"https:\/\/www.caririemacao.com\/1\/wp-json\/wp\/v2\/posts\/81370\/revisions"}],"predecessor-version":[{"id":81372,"href":"https:\/\/www.caririemacao.com\/1\/wp-json\/wp\/v2\/posts\/81370\/revisions\/81372"}],"wp:featuredmedia":[{"embeddable":true,"href":"https:\/\/www.caririemacao.com\/1\/wp-json\/wp\/v2\/media\/12199"}],"wp:attachment":[{"href":"https:\/\/www.caririemacao.com\/1\/wp-json\/wp\/v2\/media?parent=81370"}],"wp:term":[{"taxonomy":"category","embeddable":true,"href":"https:\/\/www.caririemacao.com\/1\/wp-json\/wp\/v2\/categories?post=81370"},{"taxonomy":"post_tag","embeddable":true,"href":"https:\/\/www.caririemacao.com\/1\/wp-json\/wp\/v2\/tags?post=81370"}],"curies":[{"name":"wp","href":"https:\/\/api.w.org\/{rel}","templated":true}]}}