{"id":81373,"date":"2019-01-17T10:16:54","date_gmt":"2019-01-17T13:16:54","guid":{"rendered":"http:\/\/www.caririemacao.com\/1\/?p=81373"},"modified":"2019-01-17T10:17:19","modified_gmt":"2019-01-17T13:17:19","slug":"tecnico-ganha-mais-uma-opcao-ofensiva-para-escalar-treze-contra-o-atletico-pb","status":"publish","type":"post","link":"https:\/\/www.caririemacao.com\/1\/2019\/01\/17\/tecnico-ganha-mais-uma-opcao-ofensiva-para-escalar-treze-contra-o-atletico-pb\/","title":{"rendered":"T\u00e9cnico ganha mais uma op\u00e7\u00e3o ofensiva para escalar Treze contra o Atl\u00e9tico-PB"},"content":{"rendered":"\n<p>         O t\u00e9cnico Maur\u00edlio Silva deve come\u00e7ar nesta quinta-feira (17) a definir o time do Treze que vai encarar o Atl\u00e9tico-PB em Cajazeiras no s\u00e1bado (19), pela segunda rodada do Campeonato Paraibano 2019.\u00a0 FC E o treinador j\u00e1 sabe que vai poder contar com um refor\u00e7o no ataque. \u00c9 que no final do expediente de ontem o centroavante Torres finalmente teve seu nome publicado no BID (Boletim Informativo Di\u00e1rio) da CBF e vai poder estrear oficialmente com a camisa alvinegra. O jogador passou as \u00faltimas cinco temporadas no exterior, principalmente no futebol dos Emirados \u00c1rabes, e por isso teve um processo de regulariza\u00e7\u00e3o mais demorado que os demais atletas alvinegros. Com tr\u00eas pontos no Grupo A do estadual, o Galo vai em busca da manuten\u00e7\u00e3o da lideran\u00e7a da chave contra o Trov\u00e3o Azul, que encabe\u00e7a o Grupo B. A partida est\u00e1 marcada para as 16h de s\u00e1bado, no est\u00e1dio Perpet\u00e3o, em Cajazeiras. <\/p>\n\n\n\n<p>Para\u00edba Online<\/p>\n","protected":false},"excerpt":{"rendered":"<p>O t\u00e9cnico Maur\u00edlio Silva deve come\u00e7ar nesta quinta-feira (17) a definir o time do Treze que vai encarar o Atl\u00e9tico-PB em Cajazeiras no s\u00e1bado (19),&hellip; <\/p>\n","protected":false},"author":1,"featured_media":81374,"comment_status":"closed","ping_status":"closed","sticky":false,"template":"","format":"standard","meta":{"sfsi_plus_gutenberg_text_before_share":"","sfsi_plus_gutenberg_show_text_before_share":"","sfsi_plus_gutenberg_icon_type":"","sfsi_plus_gutenberg_icon_alignemt":"","sfsi_plus_gutenburg_max_per_row":"","footnotes":""},"categories":[13],"tags":[],"class_list":["post-81373","post","type-post","status-publish","format-standard","has-post-thumbnail","hentry","category-esportes"],"_links":{"self":[{"href":"https:\/\/www.caririemacao.com\/1\/wp-json\/wp\/v2\/posts\/81373","targetHints":{"allow":["GET"]}}],"collection":[{"href":"https:\/\/www.caririemacao.com\/1\/wp-json\/wp\/v2\/posts"}],"about":[{"href":"https:\/\/www.caririemacao.com\/1\/wp-json\/wp\/v2\/types\/post"}],"author":[{"embeddable":true,"href":"https:\/\/www.caririemacao.com\/1\/wp-json\/wp\/v2\/users\/1"}],"replies":[{"embeddable":true,"href":"https:\/\/www.caririemacao.com\/1\/wp-json\/wp\/v2\/comments?post=81373"}],"version-history":[{"count":2,"href":"https:\/\/www.caririemacao.com\/1\/wp-json\/wp\/v2\/posts\/81373\/revisions"}],"predecessor-version":[{"id":81376,"href":"https:\/\/www.caririemacao.com\/1\/wp-json\/wp\/v2\/posts\/81373\/revisions\/81376"}],"wp:featuredmedia":[{"embeddable":true,"href":"https:\/\/www.caririemacao.com\/1\/wp-json\/wp\/v2\/media\/81374"}],"wp:attachment":[{"href":"https:\/\/www.caririemacao.com\/1\/wp-json\/wp\/v2\/media?parent=81373"}],"wp:term":[{"taxonomy":"category","embeddable":true,"href":"https:\/\/www.caririemacao.com\/1\/wp-json\/wp\/v2\/categories?post=81373"},{"taxonomy":"post_tag","embeddable":true,"href":"https:\/\/www.caririemacao.com\/1\/wp-json\/wp\/v2\/tags?post=81373"}],"curies":[{"name":"wp","href":"https:\/\/api.w.org\/{rel}","templated":true}]}}