{"id":81381,"date":"2019-01-17T11:13:51","date_gmt":"2019-01-17T14:13:51","guid":{"rendered":"http:\/\/www.caririemacao.com\/1\/?p=81381"},"modified":"2019-01-17T11:14:05","modified_gmt":"2019-01-17T14:14:05","slug":"abono-salarial-do-pis-pasep-comeca-a-ser-pago-hoje","status":"publish","type":"post","link":"https:\/\/www.caririemacao.com\/1\/2019\/01\/17\/abono-salarial-do-pis-pasep-comeca-a-ser-pago-hoje\/","title":{"rendered":"Abono salarial do PIS\/Pasep come\u00e7a a ser pago hoje"},"content":{"rendered":"\n<p>Cerca de 3,4 milh\u00f5es de trabalhadores come\u00e7aram a receber o pagamento do s\u00e9timo lote do abono salarial dos programas de Integra\u00e7\u00e3o Social (PIS) e de Forma\u00e7\u00e3o do Patrim\u00f4nio do Servidor P\u00fablico (Pasep) 2018-2019, ano-base 2017. Podem receber o benef\u00edcio os trabalhadores da iniciativa privada nascidos em janeiro e fevereiro e os servidores p\u00fablicos com final de inscri\u00e7\u00e3o 5. A estimativa da Secretaria do Trabalho do Minist\u00e9rio da Economia, \u00e9 que mais de R$ 2,8 bilh\u00f5es sejam pagos. <\/p>\n\n\n\n<p>A partir de hoje (17), trabalhadores da iniciativa privada podem procurar a Caixa Econ\u00f4mica Federal. A consulta pode ser feita pessoalmente, pela internet ou pelo telefone 0800-726 02 07. Para servidores p\u00fablicos, a refer\u00eancia \u00e9 o Banco do Brasil, que tamb\u00e9m fornece informa\u00e7\u00f5es pessoalmente, pela internet ou pelo telefone 0800-729 00 01. Os correntistas da Caixa Econ\u00f4mica Federal, institui\u00e7\u00e3o banc\u00e1ria respons\u00e1vel pelo pagamento do PIS (iniciativa privada), tiveram os valores depositados em suas contas nessa ter\u00e7a-feira (15). Tem direito ao abono salarial ano-base 2017 quem estava inscrito no PIS\/Pasep h\u00e1 pelo menos cinco anos, trabalhou formalmente por pelo menos 30 dias em 2017, teve remunera\u00e7\u00e3o mensal m\u00e9dia de at\u00e9 2 sal\u00e1rios m\u00ednimos e seus dados foram informados corretamente pelo empregador na Rela\u00e7\u00e3o Anual de Informa\u00e7\u00f5es Sociais (Rais). O valor do benef\u00edcio \u00e9 proporcional ao tempo trabalhado formalmente em 2017. Assim, quem esteve empregado o ano todo recebe o valor cheio, equivalente a um sal\u00e1rio m\u00ednimo (R$ 998). Quem trabalhou por apenas 30 dias recebe o valor m\u00ednimo, que \u00e9 de R$ 84 \u2013 ou 1\/12 do sal\u00e1rio m\u00ednimo \u2013, e assim sucessivamente. Para os trabalhadores nascidos entre julho e dezembro, o Abono Salarial ano-base 2017 come\u00e7ou a ser pago em 2018. Os nascidos de janeiro a junho realizam o saque em 2019. O prazo final de recebimento para todos os trabalhadores favorecidos pelo programa \u00e9 28 de junho de 2019. <\/p>\n\n\n\n<p><\/p>\n\n\n\n<p>EBC<\/p>\n","protected":false},"excerpt":{"rendered":"<p>Cerca de 3,4 milh\u00f5es de trabalhadores come\u00e7aram a receber o pagamento do s\u00e9timo lote do abono salarial dos programas de Integra\u00e7\u00e3o Social (PIS) e de&hellip; <\/p>\n","protected":false},"author":1,"featured_media":9404,"comment_status":"closed","ping_status":"closed","sticky":false,"template":"","format":"standard","meta":{"sfsi_plus_gutenberg_text_before_share":"","sfsi_plus_gutenberg_show_text_before_share":"","sfsi_plus_gutenberg_icon_type":"","sfsi_plus_gutenberg_icon_alignemt":"","sfsi_plus_gutenburg_max_per_row":"","footnotes":""},"categories":[2],"tags":[],"class_list":["post-81381","post","type-post","status-publish","format-standard","has-post-thumbnail","hentry","category-geral"],"_links":{"self":[{"href":"https:\/\/www.caririemacao.com\/1\/wp-json\/wp\/v2\/posts\/81381","targetHints":{"allow":["GET"]}}],"collection":[{"href":"https:\/\/www.caririemacao.com\/1\/wp-json\/wp\/v2\/posts"}],"about":[{"href":"https:\/\/www.caririemacao.com\/1\/wp-json\/wp\/v2\/types\/post"}],"author":[{"embeddable":true,"href":"https:\/\/www.caririemacao.com\/1\/wp-json\/wp\/v2\/users\/1"}],"replies":[{"embeddable":true,"href":"https:\/\/www.caririemacao.com\/1\/wp-json\/wp\/v2\/comments?post=81381"}],"version-history":[{"count":2,"href":"https:\/\/www.caririemacao.com\/1\/wp-json\/wp\/v2\/posts\/81381\/revisions"}],"predecessor-version":[{"id":81386,"href":"https:\/\/www.caririemacao.com\/1\/wp-json\/wp\/v2\/posts\/81381\/revisions\/81386"}],"wp:featuredmedia":[{"embeddable":true,"href":"https:\/\/www.caririemacao.com\/1\/wp-json\/wp\/v2\/media\/9404"}],"wp:attachment":[{"href":"https:\/\/www.caririemacao.com\/1\/wp-json\/wp\/v2\/media?parent=81381"}],"wp:term":[{"taxonomy":"category","embeddable":true,"href":"https:\/\/www.caririemacao.com\/1\/wp-json\/wp\/v2\/categories?post=81381"},{"taxonomy":"post_tag","embeddable":true,"href":"https:\/\/www.caririemacao.com\/1\/wp-json\/wp\/v2\/tags?post=81381"}],"curies":[{"name":"wp","href":"https:\/\/api.w.org\/{rel}","templated":true}]}}