{"id":81383,"date":"2019-01-17T10:48:39","date_gmt":"2019-01-17T13:48:39","guid":{"rendered":"http:\/\/www.caririemacao.com\/1\/?p=81383"},"modified":"2019-01-17T10:48:48","modified_gmt":"2019-01-17T13:48:48","slug":"tcu-investiga-irregularidades-na-ufpb","status":"publish","type":"post","link":"https:\/\/www.caririemacao.com\/1\/2019\/01\/17\/tcu-investiga-irregularidades-na-ufpb\/","title":{"rendered":"TCU investiga irregularidades na UFPB"},"content":{"rendered":"\n<p>O Tribunal de Contas da Uni\u00e3o (TCU) detectou irregularidades em um conv\u00eanio firmado entre a Universidade Federal da Para\u00edba (UFPB) e a Funda\u00e7\u00e3o Jos\u00e9 Am\u00e9rico (FJA) para a execu\u00e7\u00e3o da terceira fase do Campus IV, no Litoral Norte. A edi\u00e7\u00e3o desta quinta-feira (17) do Di\u00e1rio Oficial da Uni\u00e3o trouxe um edital determinando um prazo de 15 dias para que o ex-gestor da Funda\u00e7\u00e3o Jos\u00e9 Am\u00e9rico, Eug\u00eanio Pacceli Trigueiro Pereira, apresente sua defesa \u00e0s acusa\u00e7\u00f5es ou efetue a devolu\u00e7\u00e3o de R$ 8.780.927,49.<\/p>\n\n\n\n<p>De acordo com a publica\u00e7\u00e3o, n\u00e3o foi comprovada a boa e regular aplica\u00e7\u00e3o dos recursos do conv\u00eanio entre a UFPB e a FJA. O objeto conveniado n\u00e3o teria sido executado, o que provoca dano ao er\u00e1rio de mais de R$ 8 milh\u00f5es, j\u00e1 que os valores n\u00e3o foram devolvidos nem constam de conta espec\u00edfica. Sequer os comprovantes de despesa foram apresentados, segundo o edital publicado.<\/p>\n\n\n\n<p>Caso as alega\u00e7\u00f5es de defesa sejam rejeitadas, as contas do respons\u00e1vel poder\u00e3o ser julgadas irregulares. Com isso, o gestor apontado ser\u00e1 condenado ao pagamento dos d\u00e9bitos atualizados e acrescidos de juros de mora. Isso significa que ele teria que devolver R$ 12.649.521,26, al\u00e9m de pagar multa.<\/p>\n\n\n\n<p>A Tomada de Contas feita pelo TCU investiga as irregularidades e desvios de recursos. De acordo com a publica\u00e7\u00e3o do edital, caso haja a liquida\u00e7\u00e3o tempestiva do d\u00e9bito, o processo ser\u00e1 saneado caso o TCU reconhe\u00e7a a boa-f\u00e9 do respons\u00e1vel e seja constatada a inexist\u00eancia de outras irregularidades no processo. Neste caso, o tribunal julgaria as contas como regulares com ressalvas.<\/p>\n\n\n\n<p>No entanto, caso n\u00e3o seja reconhecida a boa-f\u00e9 do respons\u00e1vel ou caso sejam detectadas outras irregularidades, \u201co mero recolhimento do d\u00e9bito atualizado monetariamente n\u00e3o impedir\u00e1 eventual condena\u00e7\u00e3o ao referido pagamento acrescido de juros de mora, abatendo-se os valores j\u00e1 recolhidos\u201d.<\/p>\n","protected":false},"excerpt":{"rendered":"<p>O Tribunal de Contas da Uni\u00e3o (TCU) detectou irregularidades em um conv\u00eanio firmado entre a Universidade Federal da Para\u00edba (UFPB) e a Funda\u00e7\u00e3o Jos\u00e9 Am\u00e9rico&hellip; <\/p>\n","protected":false},"author":1,"featured_media":49706,"comment_status":"closed","ping_status":"closed","sticky":false,"template":"","format":"standard","meta":{"sfsi_plus_gutenberg_text_before_share":"","sfsi_plus_gutenberg_show_text_before_share":"","sfsi_plus_gutenberg_icon_type":"","sfsi_plus_gutenberg_icon_alignemt":"","sfsi_plus_gutenburg_max_per_row":"","footnotes":""},"categories":[1],"tags":[],"class_list":["post-81383","post","type-post","status-publish","format-standard","has-post-thumbnail","hentry","category-o-site"],"_links":{"self":[{"href":"https:\/\/www.caririemacao.com\/1\/wp-json\/wp\/v2\/posts\/81383","targetHints":{"allow":["GET"]}}],"collection":[{"href":"https:\/\/www.caririemacao.com\/1\/wp-json\/wp\/v2\/posts"}],"about":[{"href":"https:\/\/www.caririemacao.com\/1\/wp-json\/wp\/v2\/types\/post"}],"author":[{"embeddable":true,"href":"https:\/\/www.caririemacao.com\/1\/wp-json\/wp\/v2\/users\/1"}],"replies":[{"embeddable":true,"href":"https:\/\/www.caririemacao.com\/1\/wp-json\/wp\/v2\/comments?post=81383"}],"version-history":[{"count":1,"href":"https:\/\/www.caririemacao.com\/1\/wp-json\/wp\/v2\/posts\/81383\/revisions"}],"predecessor-version":[{"id":81384,"href":"https:\/\/www.caririemacao.com\/1\/wp-json\/wp\/v2\/posts\/81383\/revisions\/81384"}],"wp:featuredmedia":[{"embeddable":true,"href":"https:\/\/www.caririemacao.com\/1\/wp-json\/wp\/v2\/media\/49706"}],"wp:attachment":[{"href":"https:\/\/www.caririemacao.com\/1\/wp-json\/wp\/v2\/media?parent=81383"}],"wp:term":[{"taxonomy":"category","embeddable":true,"href":"https:\/\/www.caririemacao.com\/1\/wp-json\/wp\/v2\/categories?post=81383"},{"taxonomy":"post_tag","embeddable":true,"href":"https:\/\/www.caririemacao.com\/1\/wp-json\/wp\/v2\/tags?post=81383"}],"curies":[{"name":"wp","href":"https:\/\/api.w.org\/{rel}","templated":true}]}}