{"id":81388,"date":"2019-01-17T11:25:05","date_gmt":"2019-01-17T14:25:05","guid":{"rendered":"http:\/\/www.caririemacao.com\/1\/?p=81388"},"modified":"2019-01-17T11:25:17","modified_gmt":"2019-01-17T14:25:17","slug":"prefeito-faz-19a-convocacao-de-aprovados-no-concurso-publico-de-sume","status":"publish","type":"post","link":"https:\/\/www.caririemacao.com\/1\/2019\/01\/17\/prefeito-faz-19a-convocacao-de-aprovados-no-concurso-publico-de-sume\/","title":{"rendered":"Prefeito faz 19\u00aa convoca\u00e7\u00e3o de aprovados no Concurso P\u00fablico de Sum\u00e9"},"content":{"rendered":"\n<p>O prefeito \u00c9den Duarte lan\u00e7ou na \u00faltima ter\u00e7a-feira (15), o 19\u00b0 edital de convoca\u00e7\u00e3o dos candidatos aprovados no Concurso P\u00fablico do Munic\u00edpio de Sum\u00e9 de 2017.\n\nNo edital est\u00e3o sendo chamados dois professores de L\u00edngua Portuguesa, dois professores do Ensino Fundamental I e um motorista classe D. S\u00e3o eles:\n\n\u2013 Rita Gomes de Macedo \u2013 Professor de L\u00edngua Portuguesa;\n\n\u2013 J\u00e9ssica Maria Soares \u2013 Professor de L\u00edngua Portuguesa;\n\n\u2013 Elissandra Pedro de Oliveira Silva \u2013 Professor do Fundamental I;\n\n\u2013 Dayana de Sousa Silva \u2013 Professor do Fundamental I;\n\n\u2013 Silvano Vital Marinho \u2013 Motorista Classe D.\n\nOs candidatos convocados devem comparecer em at\u00e9 30 dias, a contar da data de publica\u00e7\u00e3o do edital no Boletim Oficial do munic\u00edpio, na Secretaria de Administra\u00e7\u00e3o, Setor de Recursos Humanos, munidos de documenta\u00e7\u00e3o para manifesta\u00e7\u00e3o de aceita\u00e7\u00e3o do cargo.\n\nDesde que assumiu a gest\u00e3o em 2017, \u00c9den tem valorizado o acesso ao servi\u00e7o p\u00fablico dos candidatos aprovados em concursos e processos seletivos realizados pelo munic\u00edpio.\n\nAinda na \u00faltima sexta-feira (11), o prefeito fez a convoca\u00e7\u00e3o de tr\u00eas candidatos aprovados em processo seletivo para o cargo de agente comunit\u00e1rio de sa\u00fade e anunciou tamb\u00e9m a realiza\u00e7\u00e3o de mais um concurso p\u00fablico para este ano de 2019.\n<\/p>\n","protected":false},"excerpt":{"rendered":"<p>O prefeito \u00c9den Duarte lan\u00e7ou na \u00faltima ter\u00e7a-feira (15), o 19\u00b0 edital de convoca\u00e7\u00e3o dos candidatos aprovados no Concurso P\u00fablico do Munic\u00edpio de Sum\u00e9 de&hellip; <\/p>\n","protected":false},"author":1,"featured_media":47314,"comment_status":"closed","ping_status":"closed","sticky":false,"template":"","format":"standard","meta":{"sfsi_plus_gutenberg_text_before_share":"","sfsi_plus_gutenberg_show_text_before_share":"","sfsi_plus_gutenberg_icon_type":"","sfsi_plus_gutenberg_icon_alignemt":"","sfsi_plus_gutenburg_max_per_row":"","footnotes":""},"categories":[6],"tags":[],"class_list":["post-81388","post","type-post","status-publish","format-standard","has-post-thumbnail","hentry","category-cidades"],"_links":{"self":[{"href":"https:\/\/www.caririemacao.com\/1\/wp-json\/wp\/v2\/posts\/81388","targetHints":{"allow":["GET"]}}],"collection":[{"href":"https:\/\/www.caririemacao.com\/1\/wp-json\/wp\/v2\/posts"}],"about":[{"href":"https:\/\/www.caririemacao.com\/1\/wp-json\/wp\/v2\/types\/post"}],"author":[{"embeddable":true,"href":"https:\/\/www.caririemacao.com\/1\/wp-json\/wp\/v2\/users\/1"}],"replies":[{"embeddable":true,"href":"https:\/\/www.caririemacao.com\/1\/wp-json\/wp\/v2\/comments?post=81388"}],"version-history":[{"count":2,"href":"https:\/\/www.caririemacao.com\/1\/wp-json\/wp\/v2\/posts\/81388\/revisions"}],"predecessor-version":[{"id":81390,"href":"https:\/\/www.caririemacao.com\/1\/wp-json\/wp\/v2\/posts\/81388\/revisions\/81390"}],"wp:featuredmedia":[{"embeddable":true,"href":"https:\/\/www.caririemacao.com\/1\/wp-json\/wp\/v2\/media\/47314"}],"wp:attachment":[{"href":"https:\/\/www.caririemacao.com\/1\/wp-json\/wp\/v2\/media?parent=81388"}],"wp:term":[{"taxonomy":"category","embeddable":true,"href":"https:\/\/www.caririemacao.com\/1\/wp-json\/wp\/v2\/categories?post=81388"},{"taxonomy":"post_tag","embeddable":true,"href":"https:\/\/www.caririemacao.com\/1\/wp-json\/wp\/v2\/tags?post=81388"}],"curies":[{"name":"wp","href":"https:\/\/api.w.org\/{rel}","templated":true}]}}