{"id":81392,"date":"2019-01-17T11:52:44","date_gmt":"2019-01-17T14:52:44","guid":{"rendered":"http:\/\/www.caririemacao.com\/1\/?p=81392"},"modified":"2019-01-17T11:52:53","modified_gmt":"2019-01-17T14:52:53","slug":"globo-leva-bolsonaro-para-vila-do-chaves-em-parodia-no-ta-no-ar","status":"publish","type":"post","link":"https:\/\/www.caririemacao.com\/1\/2019\/01\/17\/globo-leva-bolsonaro-para-vila-do-chaves-em-parodia-no-ta-no-ar\/","title":{"rendered":"Globo leva Bolsonaro para Vila do Chaves em par\u00f3dia no T\u00e1 no Ar"},"content":{"rendered":"\n<p>N\u00e3o deu outra: na estreia da \u00faltima temporada do&nbsp;<strong>T\u00e1 no Ar<\/strong>, programa de humor da Globo liderado por&nbsp;<strong>Marcelo Adnet<\/strong>&nbsp;e Marcius Melhem, nas redes sociais s\u00f3 se falou em um quadro. Em Vila Militar do Chaves, o \u2018cl\u00e1ssico\u2019 exibido no SBT foi usado como modelo para uma par\u00f3dia do governo&nbsp;<strong>Jair Bolsonaro<\/strong>. O personagem que faz refer\u00eancia ao presidente \u00e9 interpretado por Marcelo Adnet.<\/p>\n\n\n\n<p>Na esquete, os conhecidos personagens do programa de TV se assustam com a chegada de um novo \u201ccapit\u00e3o\u201d, que promete colocar ordem na Vila. O primeiro alvo \u00e9 o Seu Madruga.<\/p>\n\n\n\n<p>\u2013 Seu Madruga, melhor j\u00e1 ir pagando os catorze meses de aluguel que voc\u00ea deve \u2013 diz o capit\u00e3o.<\/p>\n\n\n\n<p>\u2013 Eu estou desempregado. N\u00e3o consigo pagar aluguel.<\/p>\n\n\n\n<p>\u2013 Desempregado? \u00c9 va-ga-bun-do.<\/p>\n\n\n\n<p>\u2013 Eu j\u00e1 me arrependo de ter gritado \u2018Fora, Seu Barriga\u2019 \u2013 diz o personagem.<\/p>\n\n\n\n<p>Depois, Chaves e Chiquinha come\u00e7am a chorar e s\u00e3o repreendidos:<\/p>\n\n\n\n<p>\u2013 Pode parar com esse \u2018m\u00e9-m\u00e9-m\u00e9\u2019, com esse \u2018pi-pi-pi\u2019. Essa gera\u00e7\u00e3o \u2018mi-mi-mi\u2019, \u2018pi-pi-pi\u2019 dos vermelhos. Voc\u00ea chorar eu at\u00e9 entendo, porque seu pai deu uma fraquejada (diz, olhando para Chiquinha). Agora, voc\u00ea \u00e9 homem. Homem n\u00e3o chora. Os dois podem ir pra casa \u2013 ordena o capit\u00e3o.<\/p>\n\n\n\n<p>\u2013 Eu n\u00e3o tenho casa. Eu moro no barril \u2013 argumenta Chaves.<\/p>\n\n\n\n<p>\u2013 N\u00e3o tem casa? Va-ga-bun-do! Morador de rua! Imprest\u00e1vel. Leva ele daqui. Acabou a mamata da Bolsa Barril.<\/p>\n\n\n\n<p>Depois, Dona Florinda e Quico s\u00e3o criticados:<\/p>\n\n\n\n<p>\u2013 \u00c9 uma fam\u00edlia toda desajustada. Por isso esse menino \u00e9 todo afeminado.<\/p>\n\n\n\n<p>Pol\u00eamicas como ideologia de g\u00eanero, kit gay s\u00e3o citadas no quadro. No fim da piada, o capit\u00e3o decide prender a plateia, que est\u00e1 rindo. \u201cN\u00e3o posso demitir a plateia porque demitiram quem demitiria a plateia. Pode deixar meia d\u00fazia a\u00ed. Agora vou para a vila do Paulo Gustavo para acabar com aquela ditadura gayzista\u201d, diz. Assista:<\/p>\n\n\n\n<p>Como era de esperar, o quadro dividiu opini\u00f5es nas redes sociais. Enquanto muitos internautas elogiaram a s\u00e1tira, outros a consideraram \u201cofensiva\u201d.<\/p>\n","protected":false},"excerpt":{"rendered":"<p>N\u00e3o deu outra: na estreia da \u00faltima temporada do&nbsp;T\u00e1 no Ar, programa de humor da Globo liderado por&nbsp;Marcelo Adnet&nbsp;e Marcius Melhem, nas redes sociais s\u00f3&hellip; <\/p>\n","protected":false},"author":1,"featured_media":81395,"comment_status":"closed","ping_status":"closed","sticky":false,"template":"","format":"standard","meta":{"sfsi_plus_gutenberg_text_before_share":"","sfsi_plus_gutenberg_show_text_before_share":"","sfsi_plus_gutenberg_icon_type":"","sfsi_plus_gutenberg_icon_alignemt":"","sfsi_plus_gutenburg_max_per_row":"","footnotes":""},"categories":[2],"tags":[],"class_list":["post-81392","post","type-post","status-publish","format-standard","has-post-thumbnail","hentry","category-geral"],"_links":{"self":[{"href":"https:\/\/www.caririemacao.com\/1\/wp-json\/wp\/v2\/posts\/81392","targetHints":{"allow":["GET"]}}],"collection":[{"href":"https:\/\/www.caririemacao.com\/1\/wp-json\/wp\/v2\/posts"}],"about":[{"href":"https:\/\/www.caririemacao.com\/1\/wp-json\/wp\/v2\/types\/post"}],"author":[{"embeddable":true,"href":"https:\/\/www.caririemacao.com\/1\/wp-json\/wp\/v2\/users\/1"}],"replies":[{"embeddable":true,"href":"https:\/\/www.caririemacao.com\/1\/wp-json\/wp\/v2\/comments?post=81392"}],"version-history":[{"count":1,"href":"https:\/\/www.caririemacao.com\/1\/wp-json\/wp\/v2\/posts\/81392\/revisions"}],"predecessor-version":[{"id":81396,"href":"https:\/\/www.caririemacao.com\/1\/wp-json\/wp\/v2\/posts\/81392\/revisions\/81396"}],"wp:featuredmedia":[{"embeddable":true,"href":"https:\/\/www.caririemacao.com\/1\/wp-json\/wp\/v2\/media\/81395"}],"wp:attachment":[{"href":"https:\/\/www.caririemacao.com\/1\/wp-json\/wp\/v2\/media?parent=81392"}],"wp:term":[{"taxonomy":"category","embeddable":true,"href":"https:\/\/www.caririemacao.com\/1\/wp-json\/wp\/v2\/categories?post=81392"},{"taxonomy":"post_tag","embeddable":true,"href":"https:\/\/www.caririemacao.com\/1\/wp-json\/wp\/v2\/tags?post=81392"}],"curies":[{"name":"wp","href":"https:\/\/api.w.org\/{rel}","templated":true}]}}