{"id":81401,"date":"2019-01-17T12:07:20","date_gmt":"2019-01-17T15:07:20","guid":{"rendered":"http:\/\/www.caririemacao.com\/1\/?p=81401"},"modified":"2019-01-17T12:07:31","modified_gmt":"2019-01-17T15:07:31","slug":"ministerio-publico-apura-denuncias-de-caixa-2-e-pagamento-de-propina-a-vereadores-no-agreste-da-paraiba","status":"publish","type":"post","link":"https:\/\/www.caririemacao.com\/1\/2019\/01\/17\/ministerio-publico-apura-denuncias-de-caixa-2-e-pagamento-de-propina-a-vereadores-no-agreste-da-paraiba\/","title":{"rendered":"Minist\u00e9rio P\u00fablico apura den\u00fancias de caixa 2 e pagamento de propina a vereadores no Agreste da Para\u00edba"},"content":{"rendered":"\n<p>Depois de uma den\u00fancia an\u00f4nima o Minist\u00e9rio P\u00fablico do Estado da Para\u00edba (MPPB) instaurou dois inqu\u00e9ritos para apurar irregularidades relacionadas \u00e0 caixa 2 e pagamento de mensal\u00e3o na C\u00e2mara de Vereadores de Itatuba, no Agreste do Estado. Os extratos das portarias instaurando os inqu\u00e9ritos foram assinados pela promotora de Ing\u00e1, Cl\u00e1udia Cabral Cavalcante, e publicados na edi\u00e7\u00e3o desta quarta-feira (16) do Di\u00e1rio Oficial Eletr\u00f4nico do MPPB.<\/p>\n\n\n\n<p>Uma das den\u00fancias aponta que o presidente da C\u00e2mara, Telb\u00e2nio Bezerra de Lima, teria praticado nepotismo. Um irm\u00e3o do vereador teria sido nomeado para um cargo no Legislativo de Itatuba.<\/p>\n\n\n\n<p>Al\u00e9m disso, tamb\u00e9m \u00e9 registrada a pr\u00e1tica de caixa 2 e nomea\u00e7\u00e3o de funcion\u00e1rios fantasmas para servir como laranjas. O sal\u00e1rio desses funcion\u00e1rios fantasmas seria utilizado para pagamento de propina aos vereadores da base aliada.<\/p>\n\n\n\n<p>O caso, de acordo com o Minist\u00e9rio P\u00fablico, pode caracterizar atos de improbidade administrativa, que importam em les\u00e3o aos cofres p\u00fablicos, maltrato aos princ\u00edpios da legalidade, impessoalidade e moralidade da administra\u00e7\u00e3o p\u00fablica, e ainda enriquecimento il\u00edcito.<\/p>\n\n\n\n<p><\/p>\n\n\n\n<p>ClickPB<\/p>\n","protected":false},"excerpt":{"rendered":"<p>Depois de uma den\u00fancia an\u00f4nima o Minist\u00e9rio P\u00fablico do Estado da Para\u00edba (MPPB) instaurou dois inqu\u00e9ritos para apurar irregularidades relacionadas \u00e0 caixa 2 e pagamento&hellip; <\/p>\n","protected":false},"author":1,"featured_media":81402,"comment_status":"closed","ping_status":"closed","sticky":false,"template":"","format":"standard","meta":{"sfsi_plus_gutenberg_text_before_share":"","sfsi_plus_gutenberg_show_text_before_share":"","sfsi_plus_gutenberg_icon_type":"","sfsi_plus_gutenberg_icon_alignemt":"","sfsi_plus_gutenburg_max_per_row":"","footnotes":""},"categories":[11],"tags":[],"class_list":["post-81401","post","type-post","status-publish","format-standard","has-post-thumbnail","hentry","category-politica"],"_links":{"self":[{"href":"https:\/\/www.caririemacao.com\/1\/wp-json\/wp\/v2\/posts\/81401","targetHints":{"allow":["GET"]}}],"collection":[{"href":"https:\/\/www.caririemacao.com\/1\/wp-json\/wp\/v2\/posts"}],"about":[{"href":"https:\/\/www.caririemacao.com\/1\/wp-json\/wp\/v2\/types\/post"}],"author":[{"embeddable":true,"href":"https:\/\/www.caririemacao.com\/1\/wp-json\/wp\/v2\/users\/1"}],"replies":[{"embeddable":true,"href":"https:\/\/www.caririemacao.com\/1\/wp-json\/wp\/v2\/comments?post=81401"}],"version-history":[{"count":1,"href":"https:\/\/www.caririemacao.com\/1\/wp-json\/wp\/v2\/posts\/81401\/revisions"}],"predecessor-version":[{"id":81403,"href":"https:\/\/www.caririemacao.com\/1\/wp-json\/wp\/v2\/posts\/81401\/revisions\/81403"}],"wp:featuredmedia":[{"embeddable":true,"href":"https:\/\/www.caririemacao.com\/1\/wp-json\/wp\/v2\/media\/81402"}],"wp:attachment":[{"href":"https:\/\/www.caririemacao.com\/1\/wp-json\/wp\/v2\/media?parent=81401"}],"wp:term":[{"taxonomy":"category","embeddable":true,"href":"https:\/\/www.caririemacao.com\/1\/wp-json\/wp\/v2\/categories?post=81401"},{"taxonomy":"post_tag","embeddable":true,"href":"https:\/\/www.caririemacao.com\/1\/wp-json\/wp\/v2\/tags?post=81401"}],"curies":[{"name":"wp","href":"https:\/\/api.w.org\/{rel}","templated":true}]}}