{"id":81404,"date":"2019-01-17T12:08:55","date_gmt":"2019-01-17T15:08:55","guid":{"rendered":"http:\/\/www.caririemacao.com\/1\/?p=81404"},"modified":"2019-01-17T12:08:58","modified_gmt":"2019-01-17T15:08:58","slug":"governo-do-estado-deve-lancar-edital-de-concurso-para-agentes-penitenciarios-na-paraiba","status":"publish","type":"post","link":"https:\/\/www.caririemacao.com\/1\/2019\/01\/17\/governo-do-estado-deve-lancar-edital-de-concurso-para-agentes-penitenciarios-na-paraiba\/","title":{"rendered":"Governo do Estado deve lan\u00e7ar edital de concurso para Agentes Penitenci\u00e1rios na Para\u00edba"},"content":{"rendered":"\n<p>O Governo do Estado da Para\u00edba deve lan\u00e7ar o edital de concurso para Agentes Penitenci\u00e1rios na Para\u00edba. A informa\u00e7\u00e3o foi dada pela assessoria de imprensa do governo para o&nbsp;Gran Cursos Online Blog.<\/p>\n\n\n\n<p>De acordo com as informa\u00e7\u00f5es devem ser ofertadas 2.000 vagas para n\u00edvel m\u00e9dio, com remunera\u00e7\u00e3o inicial de R$&nbsp;1.213,93. A previs\u00e3o de publica\u00e7\u00e3o do edital \u00e9 de 2019\/2020.&nbsp;<\/p>\n\n\n\n<p>O&nbsp;Estado n\u00e3o realiza concurso p\u00fablico para tal cargo h\u00e1 quase 10 anos.&nbsp;<\/p>\n\n\n\n<p>De acordo com a assessoria, o efetivo vigente de Agentes Penitenci\u00e1rios atende as necessidades do Sistema Prisional da regi\u00e3o e n\u00e3o h\u00e1 cargos vagos.&nbsp;S\u00e3o contabilizados atualmente 1.833 profissionais, distribu\u00eddos em 79 unidades prisionais, entre pres\u00eddios e cadeias p\u00fablicas. O n\u00famero de agentes variou devido \u00e0s aposentadorias e tamb\u00e9m pedidos de exonera\u00e7\u00f5es para outros cargos p\u00fablicos.<br><\/p>\n\n\n\n<p>J\u00e1 o&nbsp;Sindicato dos Servidores da Secretaria da Administra\u00e7\u00e3o Penitenci\u00e1ria da Para\u00edba (SINDSEAP-PB),&nbsp;o efetivo de agentes \u00e9 insuficiente, pois o Estado conta com pouco menos de 2 mil agentes quando deveria possuir aproximadamente 4 mil servidores.&nbsp;<\/p>\n","protected":false},"excerpt":{"rendered":"<p>O Governo do Estado da Para\u00edba deve lan\u00e7ar o edital de concurso para Agentes Penitenci\u00e1rios na Para\u00edba. A informa\u00e7\u00e3o foi dada pela assessoria de imprensa&hellip; <\/p>\n","protected":false},"author":1,"featured_media":81405,"comment_status":"closed","ping_status":"closed","sticky":false,"template":"","format":"standard","meta":{"sfsi_plus_gutenberg_text_before_share":"","sfsi_plus_gutenberg_show_text_before_share":"","sfsi_plus_gutenberg_icon_type":"","sfsi_plus_gutenberg_icon_alignemt":"","sfsi_plus_gutenburg_max_per_row":"","footnotes":""},"categories":[2],"tags":[],"class_list":["post-81404","post","type-post","status-publish","format-standard","has-post-thumbnail","hentry","category-geral"],"_links":{"self":[{"href":"https:\/\/www.caririemacao.com\/1\/wp-json\/wp\/v2\/posts\/81404","targetHints":{"allow":["GET"]}}],"collection":[{"href":"https:\/\/www.caririemacao.com\/1\/wp-json\/wp\/v2\/posts"}],"about":[{"href":"https:\/\/www.caririemacao.com\/1\/wp-json\/wp\/v2\/types\/post"}],"author":[{"embeddable":true,"href":"https:\/\/www.caririemacao.com\/1\/wp-json\/wp\/v2\/users\/1"}],"replies":[{"embeddable":true,"href":"https:\/\/www.caririemacao.com\/1\/wp-json\/wp\/v2\/comments?post=81404"}],"version-history":[{"count":1,"href":"https:\/\/www.caririemacao.com\/1\/wp-json\/wp\/v2\/posts\/81404\/revisions"}],"predecessor-version":[{"id":81406,"href":"https:\/\/www.caririemacao.com\/1\/wp-json\/wp\/v2\/posts\/81404\/revisions\/81406"}],"wp:featuredmedia":[{"embeddable":true,"href":"https:\/\/www.caririemacao.com\/1\/wp-json\/wp\/v2\/media\/81405"}],"wp:attachment":[{"href":"https:\/\/www.caririemacao.com\/1\/wp-json\/wp\/v2\/media?parent=81404"}],"wp:term":[{"taxonomy":"category","embeddable":true,"href":"https:\/\/www.caririemacao.com\/1\/wp-json\/wp\/v2\/categories?post=81404"},{"taxonomy":"post_tag","embeddable":true,"href":"https:\/\/www.caririemacao.com\/1\/wp-json\/wp\/v2\/tags?post=81404"}],"curies":[{"name":"wp","href":"https:\/\/api.w.org\/{rel}","templated":true}]}}