{"id":81440,"date":"2019-01-17T12:42:42","date_gmt":"2019-01-17T15:42:42","guid":{"rendered":"http:\/\/www.caririemacao.com\/1\/?p=81440"},"modified":"2019-01-17T12:42:49","modified_gmt":"2019-01-17T15:42:49","slug":"delegado-da-lava-jato-e-nomeado-como-diretor-de-combate-ao-crime-organizado","status":"publish","type":"post","link":"https:\/\/www.caririemacao.com\/1\/2019\/01\/17\/delegado-da-lava-jato-e-nomeado-como-diretor-de-combate-ao-crime-organizado\/","title":{"rendered":"Delegado da Lava Jato \u00e9 nomeado como diretor de combate ao crime organizado"},"content":{"rendered":"\n<p>O delegado Igor de Paula, que coordenou a for\u00e7a-tarefa da Lava Jato em Curitiba, foi nomeado para assumir a Diretoria de Investiga\u00e7\u00e3o e Combate ao Crime Organizado (Dicor) da Pol\u00edcia Federal (PF). A nomea\u00e7\u00e3o foi publicada no\u00a0<a rel=\"noreferrer noopener\" href=\"http:\/\/pesquisa.in.gov.br\/imprensa\/jsp\/visualiza\/index.jsp?jornal=529&amp;pagina=2&amp;data=17\/01\/2019\" target=\"_blank\">&#8220;Di\u00e1rio Oficial da Uni\u00e3o&#8221;<\/a>\u00a0nesta quinta-feira (17).<\/p>\n\n\n\n<p>O cargo \u00e9 considerado um dos mais importantes na hierarquia nacional da Pol\u00edcia Federal. A diretoria que ser\u00e1 comandada por Igor de Paula investiga os casos de corrup\u00e7\u00e3o em Bras\u00edlia.<\/p>\n\n\n\n<p>Igor de Paula assume o cargo no lugar do delegado Elzio Vicente da Silva, nomeado em mar\u00e7o do ano passado pelo ent\u00e3o diretor-geral da Pol\u00edcia Federal, Rog\u00e9rio Galloro.<\/p>\n\n\n\n<p>O delegado n\u00e3o \u00e9 o primeiro integrante da\u00a0Opera\u00e7\u00e3o Lava Jato\u00a0a assumir um posto no alto escal\u00e3o da PF. O delegado Maur\u00edcio Valeixo, que era superintendente da PF no Paran\u00e1, assumiu o cargo de\u00a0diretor-geral da PF\u00a0por escolha do ministro da Justi\u00e7a e da Seguran\u00e7a P\u00fablica, S\u00e9rgio Moro.<\/p>\n\n\n\n<p>G1&nbsp;<\/p>\n","protected":false},"excerpt":{"rendered":"<p>O delegado Igor de Paula, que coordenou a for\u00e7a-tarefa da Lava Jato em Curitiba, foi nomeado para assumir a Diretoria de Investiga\u00e7\u00e3o e Combate ao&hellip; <\/p>\n","protected":false},"author":1,"featured_media":81441,"comment_status":"closed","ping_status":"closed","sticky":false,"template":"","format":"standard","meta":{"sfsi_plus_gutenberg_text_before_share":"","sfsi_plus_gutenberg_show_text_before_share":"","sfsi_plus_gutenberg_icon_type":"","sfsi_plus_gutenberg_icon_alignemt":"","sfsi_plus_gutenburg_max_per_row":"","footnotes":""},"categories":[11],"tags":[],"class_list":["post-81440","post","type-post","status-publish","format-standard","has-post-thumbnail","hentry","category-politica"],"_links":{"self":[{"href":"https:\/\/www.caririemacao.com\/1\/wp-json\/wp\/v2\/posts\/81440","targetHints":{"allow":["GET"]}}],"collection":[{"href":"https:\/\/www.caririemacao.com\/1\/wp-json\/wp\/v2\/posts"}],"about":[{"href":"https:\/\/www.caririemacao.com\/1\/wp-json\/wp\/v2\/types\/post"}],"author":[{"embeddable":true,"href":"https:\/\/www.caririemacao.com\/1\/wp-json\/wp\/v2\/users\/1"}],"replies":[{"embeddable":true,"href":"https:\/\/www.caririemacao.com\/1\/wp-json\/wp\/v2\/comments?post=81440"}],"version-history":[{"count":1,"href":"https:\/\/www.caririemacao.com\/1\/wp-json\/wp\/v2\/posts\/81440\/revisions"}],"predecessor-version":[{"id":81442,"href":"https:\/\/www.caririemacao.com\/1\/wp-json\/wp\/v2\/posts\/81440\/revisions\/81442"}],"wp:featuredmedia":[{"embeddable":true,"href":"https:\/\/www.caririemacao.com\/1\/wp-json\/wp\/v2\/media\/81441"}],"wp:attachment":[{"href":"https:\/\/www.caririemacao.com\/1\/wp-json\/wp\/v2\/media?parent=81440"}],"wp:term":[{"taxonomy":"category","embeddable":true,"href":"https:\/\/www.caririemacao.com\/1\/wp-json\/wp\/v2\/categories?post=81440"},{"taxonomy":"post_tag","embeddable":true,"href":"https:\/\/www.caririemacao.com\/1\/wp-json\/wp\/v2\/tags?post=81440"}],"curies":[{"name":"wp","href":"https:\/\/api.w.org\/{rel}","templated":true}]}}