{"id":81443,"date":"2019-01-17T12:46:48","date_gmt":"2019-01-17T15:46:48","guid":{"rendered":"http:\/\/www.caririemacao.com\/1\/?p=81443"},"modified":"2019-01-17T12:46:54","modified_gmt":"2019-01-17T15:46:54","slug":"stf-suspende-investigacao-sobre-movimentacoes-atipicas-de-queiroz","status":"publish","type":"post","link":"https:\/\/www.caririemacao.com\/1\/2019\/01\/17\/stf-suspende-investigacao-sobre-movimentacoes-atipicas-de-queiroz\/","title":{"rendered":"STF suspende investiga\u00e7\u00e3o sobre movimenta\u00e7\u00f5es at\u00edpicas de Queiroz"},"content":{"rendered":"\n<p>O Minist\u00e9rio P\u00fablico do Estado do Rio de Janeiro informou nesta quinta-feira (17), por meio de nota, que decis\u00e3o judicial suspendeu a investiga\u00e7\u00e3o criminal&nbsp;que apura movimenta\u00e7\u00f5es financeiras at\u00edpicas de Fabr\u00edcio Queiroz, ex-assessor do senador Fl\u00e1vio Bolsonaro (PSL-RJ).<\/p>\n\n\n\n<p>Segundo a Promotoria, trata-se de uma &#8220;decis\u00e3o cautelar proferida nos autos da Reclama\u00e7\u00e3o de n\u00ba 32989, ajuizada perante o Supremo Tribunal Federal (STF)&#8221;. O MP informou que a suspens\u00e3o deve durar &#8220;at\u00e9 que o Relator da Reclama\u00e7\u00e3o se pronuncie&#8221;.<\/p>\n\n\n\n<p>Pelo fato do procedimento tramitar sob sigilo, reiterado na decis\u00e3o do STF, o MP informou que n\u00e3o se manifestar\u00e1 sobre o m\u00e9rito da decis\u00e3o.<\/p>\n\n\n\n<p>UOL&nbsp;<\/p>\n","protected":false},"excerpt":{"rendered":"<p>O Minist\u00e9rio P\u00fablico do Estado do Rio de Janeiro informou nesta quinta-feira (17), por meio de nota, que decis\u00e3o judicial suspendeu a investiga\u00e7\u00e3o criminal&nbsp;que apura&hellip; <\/p>\n","protected":false},"author":1,"featured_media":81444,"comment_status":"closed","ping_status":"closed","sticky":false,"template":"","format":"standard","meta":{"sfsi_plus_gutenberg_text_before_share":"","sfsi_plus_gutenberg_show_text_before_share":"","sfsi_plus_gutenberg_icon_type":"","sfsi_plus_gutenberg_icon_alignemt":"","sfsi_plus_gutenburg_max_per_row":"","footnotes":""},"categories":[11],"tags":[],"class_list":["post-81443","post","type-post","status-publish","format-standard","has-post-thumbnail","hentry","category-politica"],"_links":{"self":[{"href":"https:\/\/www.caririemacao.com\/1\/wp-json\/wp\/v2\/posts\/81443","targetHints":{"allow":["GET"]}}],"collection":[{"href":"https:\/\/www.caririemacao.com\/1\/wp-json\/wp\/v2\/posts"}],"about":[{"href":"https:\/\/www.caririemacao.com\/1\/wp-json\/wp\/v2\/types\/post"}],"author":[{"embeddable":true,"href":"https:\/\/www.caririemacao.com\/1\/wp-json\/wp\/v2\/users\/1"}],"replies":[{"embeddable":true,"href":"https:\/\/www.caririemacao.com\/1\/wp-json\/wp\/v2\/comments?post=81443"}],"version-history":[{"count":1,"href":"https:\/\/www.caririemacao.com\/1\/wp-json\/wp\/v2\/posts\/81443\/revisions"}],"predecessor-version":[{"id":81445,"href":"https:\/\/www.caririemacao.com\/1\/wp-json\/wp\/v2\/posts\/81443\/revisions\/81445"}],"wp:featuredmedia":[{"embeddable":true,"href":"https:\/\/www.caririemacao.com\/1\/wp-json\/wp\/v2\/media\/81444"}],"wp:attachment":[{"href":"https:\/\/www.caririemacao.com\/1\/wp-json\/wp\/v2\/media?parent=81443"}],"wp:term":[{"taxonomy":"category","embeddable":true,"href":"https:\/\/www.caririemacao.com\/1\/wp-json\/wp\/v2\/categories?post=81443"},{"taxonomy":"post_tag","embeddable":true,"href":"https:\/\/www.caririemacao.com\/1\/wp-json\/wp\/v2\/tags?post=81443"}],"curies":[{"name":"wp","href":"https:\/\/api.w.org\/{rel}","templated":true}]}}