{"id":81452,"date":"2019-01-17T13:06:49","date_gmt":"2019-01-17T16:06:49","guid":{"rendered":"http:\/\/www.caririemacao.com\/1\/?p=81452"},"modified":"2019-01-17T13:06:57","modified_gmt":"2019-01-17T16:06:57","slug":"prefeito-faz-19a-convocacao-de-aprovados-no-concurso-publico-de-sume%ef%bb%bf","status":"publish","type":"post","link":"https:\/\/www.caririemacao.com\/1\/2019\/01\/17\/prefeito-faz-19a-convocacao-de-aprovados-no-concurso-publico-de-sume%ef%bb%bf\/","title":{"rendered":"Prefeito faz 19\u00aa convoca\u00e7\u00e3o de aprovados no Concurso P\u00fablico de Sum\u00e9\ufeff"},"content":{"rendered":"\n<p>O prefeito \u00c9den Duarte lan\u00e7ou na \u00faltima ter\u00e7a-feira (15), o 19\u00b0 edital de convoca\u00e7\u00e3o dos candidatos aprovados no Concurso P\u00fablico do Munic\u00edpio de Sum\u00e9 de 2017.<\/p>\n\n\n\n<p>No edital est\u00e3o sendo chamados dois professores de L\u00edngua Portuguesa, dois professores do Ensino Fundamental I e um motorista classe D. S\u00e3o eles:<\/p>\n\n\n\n<p>&#8211;&nbsp;<strong>Rita Gomes de Macedo<\/strong>&nbsp;\u2013 Professor de L\u00edngua Portuguesa;<\/p>\n\n\n\n<p>&#8211;&nbsp;<strong>J\u00e9ssica Maria Soares<\/strong>&nbsp;\u2013 Professor de L\u00edngua Portuguesa;<\/p>\n\n\n\n<p>&#8211;&nbsp;<strong>Elissandra Pedro de Oliveira Silva<\/strong>&nbsp;\u2013 Professor do Fundamental I;<\/p>\n\n\n\n<p>&#8211;&nbsp;<strong>Dayana de Sousa Silva<\/strong>&nbsp;\u2013 Professor do Fundamental I;<\/p>\n\n\n\n<p>&#8211;&nbsp;<strong>Silvano Vital Marinho<\/strong>&nbsp;\u2013 Motorista Classe D.<\/p>\n\n\n\n<p>Os candidatos convocados devem comparecer em at\u00e9 30 dias, a contar da data de publica\u00e7\u00e3o do edital no Boletim Oficial do munic\u00edpio, na Secretaria de Administra\u00e7\u00e3o, Setor de Recursos Humanos, munidos de documenta\u00e7\u00e3o para manifesta\u00e7\u00e3o de aceita\u00e7\u00e3o do cargo.<\/p>\n\n\n\n<p>Desde que assumiu a gest\u00e3o em 2017, \u00c9den tem valorizado o acesso ao servi\u00e7o p\u00fablico dos candidatos aprovados em concursos e processos seletivos realizados pelo munic\u00edpio.<\/p>\n\n\n\n<p>Ainda na \u00faltima sexta-feira (11), o prefeito fez a convoca\u00e7\u00e3o de tr\u00eas candidatos aprovados em processo seletivo para o cargo de agente comunit\u00e1rio de sa\u00fade e anunciou tamb\u00e9m a realiza\u00e7\u00e3o de mais um concurso p\u00fablico para este ano de 2019.<\/p>\n\n\n\n<p>Ascom PMS<\/p>\n","protected":false},"excerpt":{"rendered":"<p>O prefeito \u00c9den Duarte lan\u00e7ou na \u00faltima ter\u00e7a-feira (15), o 19\u00b0 edital de convoca\u00e7\u00e3o dos candidatos aprovados no Concurso P\u00fablico do Munic\u00edpio de Sum\u00e9 de&hellip; <\/p>\n","protected":false},"author":1,"featured_media":52105,"comment_status":"closed","ping_status":"closed","sticky":false,"template":"","format":"standard","meta":{"sfsi_plus_gutenberg_text_before_share":"","sfsi_plus_gutenberg_show_text_before_share":"","sfsi_plus_gutenberg_icon_type":"","sfsi_plus_gutenberg_icon_alignemt":"","sfsi_plus_gutenburg_max_per_row":"","footnotes":""},"categories":[6],"tags":[],"class_list":["post-81452","post","type-post","status-publish","format-standard","has-post-thumbnail","hentry","category-cidades"],"_links":{"self":[{"href":"https:\/\/www.caririemacao.com\/1\/wp-json\/wp\/v2\/posts\/81452","targetHints":{"allow":["GET"]}}],"collection":[{"href":"https:\/\/www.caririemacao.com\/1\/wp-json\/wp\/v2\/posts"}],"about":[{"href":"https:\/\/www.caririemacao.com\/1\/wp-json\/wp\/v2\/types\/post"}],"author":[{"embeddable":true,"href":"https:\/\/www.caririemacao.com\/1\/wp-json\/wp\/v2\/users\/1"}],"replies":[{"embeddable":true,"href":"https:\/\/www.caririemacao.com\/1\/wp-json\/wp\/v2\/comments?post=81452"}],"version-history":[{"count":1,"href":"https:\/\/www.caririemacao.com\/1\/wp-json\/wp\/v2\/posts\/81452\/revisions"}],"predecessor-version":[{"id":81453,"href":"https:\/\/www.caririemacao.com\/1\/wp-json\/wp\/v2\/posts\/81452\/revisions\/81453"}],"wp:featuredmedia":[{"embeddable":true,"href":"https:\/\/www.caririemacao.com\/1\/wp-json\/wp\/v2\/media\/52105"}],"wp:attachment":[{"href":"https:\/\/www.caririemacao.com\/1\/wp-json\/wp\/v2\/media?parent=81452"}],"wp:term":[{"taxonomy":"category","embeddable":true,"href":"https:\/\/www.caririemacao.com\/1\/wp-json\/wp\/v2\/categories?post=81452"},{"taxonomy":"post_tag","embeddable":true,"href":"https:\/\/www.caririemacao.com\/1\/wp-json\/wp\/v2\/tags?post=81452"}],"curies":[{"name":"wp","href":"https:\/\/api.w.org\/{rel}","templated":true}]}}