{"id":81454,"date":"2019-01-17T13:11:54","date_gmt":"2019-01-17T16:11:54","guid":{"rendered":"http:\/\/www.caririemacao.com\/1\/?p=81454"},"modified":"2019-01-17T13:12:05","modified_gmt":"2019-01-17T16:12:05","slug":"como-as-empresas-de-tecnologia-podem-usar-e-lucrar-com-suas-fotos-no-10yearschallenge","status":"publish","type":"post","link":"https:\/\/www.caririemacao.com\/1\/2019\/01\/17\/como-as-empresas-de-tecnologia-podem-usar-e-lucrar-com-suas-fotos-no-10yearschallenge\/","title":{"rendered":"Como as empresas de tecnologia podem usar (e lucrar com) suas fotos no #10YearsChallenge"},"content":{"rendered":"\n<p>\u00c9 apenas uma brincadeira inocente, correto?<\/p>\n\n\n\n<p>Pode ser. Mas como as plataformas de redes sociais sempre encontram uma maneira de lucrar com as modas virais, tamb\u00e9m pode n\u00e3o ser.<\/p>\n\n\n\n<p>A moda se espalhou rapidamente e aparentemente de maneira org\u00e2nica. Participaram desde usu\u00e1rios comuns do&nbsp;<a href=\"https:\/\/g1.globo.com\/tudo-sobre\/facebook\/\">Facebook<\/a>&nbsp;e do&nbsp;<a href=\"https:\/\/g1.globo.com\/tudo-sobre\/instagram\/\">Instagram<\/a>&nbsp;at\u00e9 celebridades e contas oficiais de autoridades.<\/p>\n\n\n\n<p>Nos \u00faltimos dias a hashtag acumulou mais de 3,5 milh\u00f5es de posts s\u00f3 no Instagram.<\/p>\n\n\n\n<p>A moda provavelmente vai passar r\u00e1pido, mas, uma vez postadas, o que ser\u00e1 feito com milh\u00f5es e milh\u00f5es de imagens com uma informa\u00e7\u00e3o t\u00e3o espec\u00edfica (exatamente como a pessoa envelheceu)?<\/p>\n\n\n\n<p>Em v\u00e1rios posts nas redes sociais algumas pessoas demonstraram sua preocupa\u00e7\u00e3o com as implica\u00e7\u00f5es de disponibilizar as fotos com datas.<\/p>\n\n\n\n<p>Uma delas \u00e9 a especialista em estrat\u00e9gias digitais Kate O&#8217;Neill. Em um artigo na revista de tecnologia Wired, ela imagina alguns cen\u00e1rios sobre como as empresas de tecnologia est\u00e3o se aproveitando da moda (isso, diz ela, se n\u00e3o a tiverem criado).<\/p>\n\n\n\n<p>As empresas de tecnologia t\u00eam investido muito na melhora de seus sistemas de reconhecimento facial.<\/p>\n\n\n\n<p>Segundo a explica\u00e7\u00e3o de Anil Jain, pesquisador de vis\u00e3o computacional e biom\u00e9trica na Universidade de Michigan, para atingir esse objetivo, empresas como Facebook e Google se dedicam a rastrear a rede para compilar grandes volumes de informa\u00e7\u00e3o e alimentar a intelig\u00eancia artificial dos rob\u00f4s (que precisam de modelos para ser basear).<\/p>\n\n\n\n<p>Sob essa l\u00f3gica, o #10YearsChallenge facilita muito essa tarefa. &#8220;\u00c9 s\u00f3 uma brincadeira&#8221;, diz Jain \u00e0 BBC. &#8220;Mas no processo estamos fornecendo uma informa\u00e7\u00e3o valiosa e etiquetada.&#8221;<\/p>\n\n\n\n<p>&#8220;\u00c9 uma forma inteligente de coletar informa\u00e7\u00e3o.&#8221;<\/p>\n\n\n\n<p>A grande quest\u00e3o: quem est\u00e1 fazendo essa coleta e para que ser\u00e1 usada essa informa\u00e7\u00e3o?<\/p>\n\n\n\n<p>Segundo O&#8217;Neill, o principal cen\u00e1rio \u00e9 para fazer publicidade dirigida. Se um sistema \u00e9 capaz de reconhecer melhor um rosto, pode oferecer produtos com base na idade e outras caracter\u00edsticas f\u00edsicas.<\/p>\n\n\n\n<p>Outro, mais positivo, \u00e9 o uso para encontrar crian\u00e7as desaparecidas h\u00e1 muito tempo \u2013 um sistema de reconhecimento facial que consiga calcular melhor como as pessoas envelhecem \u00e9 muito \u00fatil nesses casos.<\/p>\n\n\n\n<p>Segundo a especialista em privacidade e tecnologia Ann Cavoukian, da Universidade Ryerson, no Canad\u00e1, um sistema capaz de notar o qu\u00e3o r\u00e1pido um indiv\u00edduo envelheceu pode ser usado para aumentar o pre\u00e7o de um seguro de vida ou de sa\u00fade, por exemplo.<\/p>\n\n\n\n<p>Um caso pol\u00eamico aconteceu em 2016, quando a Amazon come\u00e7ou a vender seus servi\u00e7os de reconhecimento facial a ag\u00eancias governamentais dos Estados Unidos.<\/p>\n\n\n\n<p>A tecnologia pode ser usada para rastrear criminosos, mas tamb\u00e9m para monitorar pessoas inocentes.<\/p>\n\n\n\n<p>Preocupadas com essas quest\u00f5es, organiza\u00e7\u00f5es civis e alguns acionistas e funcion\u00e1rios da Amazon pediram para a empresa deixar de vender o servi\u00e7o.<\/p>\n\n\n\n<h2 class=\"wp-block-heading\">Paranoia?<\/h2>\n\n\n\n<p>O Facebook afirmou, em nota, que o desafio dos 10 anos \u00e9 um &#8220;meme gerado por um usu\u00e1rio e que se tornou viral sozinho.&#8221;<\/p>\n\n\n\n<blockquote class=\"wp-block-quote is-layout-flow wp-block-quote-is-layout-flow\"><p>&#8220;O Facebook n\u00e3o come\u00e7ou essa tend\u00eancia e n\u00e3o ganha nada com esse meme&#8221;, disse a empresa \u00e0 BBC.<\/p><\/blockquote>\n\n\n\n<p>A empresa afirmou tamb\u00e9m que as pessoas podem desativar a op\u00e7\u00e3o de reconhecimento facial a qualquer momento.<\/p>\n\n\n\n<p>Cavoukian e Jain concordam que para um usu\u00e1rio comum \u00e9 muito complicado saber exatamente para que suas informa\u00e7\u00f5es ser\u00e3o usadas.<\/p>\n\n\n\n<p>&#8220;Se est\u00e1 preocupado com sua privacidade, n\u00e3o participe&#8221;, diz Jain.<\/p>\n\n\n\n<p>Cavoukian tamb\u00e9m recomenda cautela. &#8220;Nosso rosto \u00e9 uma das fontes de informa\u00e7\u00e3o mais valiosas para as tecnologias emergentes&#8221;, diz. &#8220;Eu insisto que as pessoas n\u00e3o devem participar (do desafio).&#8221;<\/p>\n\n\n\n<p>&#8220;Se, depois de analisar as poss\u00edveis consequ\u00eancias, decidir participar, participe! Mas primeiro pense nos efeitos que isso pode ter no longo prazo.&#8221;<\/p>\n","protected":false},"excerpt":{"rendered":"<p>\u00c9 apenas uma brincadeira inocente, correto? Pode ser. Mas como as plataformas de redes sociais sempre encontram uma maneira de lucrar com as modas virais,&hellip; <\/p>\n","protected":false},"author":1,"featured_media":81455,"comment_status":"closed","ping_status":"closed","sticky":false,"template":"","format":"standard","meta":{"sfsi_plus_gutenberg_text_before_share":"","sfsi_plus_gutenberg_show_text_before_share":"","sfsi_plus_gutenberg_icon_type":"","sfsi_plus_gutenberg_icon_alignemt":"","sfsi_plus_gutenburg_max_per_row":"","footnotes":""},"categories":[2],"tags":[],"class_list":["post-81454","post","type-post","status-publish","format-standard","has-post-thumbnail","hentry","category-geral"],"_links":{"self":[{"href":"https:\/\/www.caririemacao.com\/1\/wp-json\/wp\/v2\/posts\/81454","targetHints":{"allow":["GET"]}}],"collection":[{"href":"https:\/\/www.caririemacao.com\/1\/wp-json\/wp\/v2\/posts"}],"about":[{"href":"https:\/\/www.caririemacao.com\/1\/wp-json\/wp\/v2\/types\/post"}],"author":[{"embeddable":true,"href":"https:\/\/www.caririemacao.com\/1\/wp-json\/wp\/v2\/users\/1"}],"replies":[{"embeddable":true,"href":"https:\/\/www.caririemacao.com\/1\/wp-json\/wp\/v2\/comments?post=81454"}],"version-history":[{"count":1,"href":"https:\/\/www.caririemacao.com\/1\/wp-json\/wp\/v2\/posts\/81454\/revisions"}],"predecessor-version":[{"id":81456,"href":"https:\/\/www.caririemacao.com\/1\/wp-json\/wp\/v2\/posts\/81454\/revisions\/81456"}],"wp:featuredmedia":[{"embeddable":true,"href":"https:\/\/www.caririemacao.com\/1\/wp-json\/wp\/v2\/media\/81455"}],"wp:attachment":[{"href":"https:\/\/www.caririemacao.com\/1\/wp-json\/wp\/v2\/media?parent=81454"}],"wp:term":[{"taxonomy":"category","embeddable":true,"href":"https:\/\/www.caririemacao.com\/1\/wp-json\/wp\/v2\/categories?post=81454"},{"taxonomy":"post_tag","embeddable":true,"href":"https:\/\/www.caririemacao.com\/1\/wp-json\/wp\/v2\/tags?post=81454"}],"curies":[{"name":"wp","href":"https:\/\/api.w.org\/{rel}","templated":true}]}}