{"id":81483,"date":"2019-01-17T23:17:26","date_gmt":"2019-01-18T02:17:26","guid":{"rendered":"http:\/\/www.caririemacao.com\/1\/?p=81483"},"modified":"2019-01-17T23:31:31","modified_gmt":"2019-01-18T02:31:31","slug":"gente-boa-cavalo-de-pau-e-guilherme-topado-cantam-nesta-sexta-feira-18-em-amparo","status":"publish","type":"post","link":"https:\/\/www.caririemacao.com\/1\/2019\/01\/17\/gente-boa-cavalo-de-pau-e-guilherme-topado-cantam-nesta-sexta-feira-18-em-amparo\/","title":{"rendered":"Gente Boa, Cavalo de Pau e Guilherme Topado cantam nesta sexta-feira (18) em Amparo"},"content":{"rendered":"\n<p>A Prefeitura de Amparo est\u00e1 nos preparativos finais para iniciar mais uma edi\u00e7\u00e3o da tradicional Festa de Janeiro, promovida durante as comemora\u00e7\u00f5es da programa\u00e7\u00e3o do padroeiro da cidade \u2018S\u00e3o Sebasti\u00e3o\u2019.<\/p>\n\n\n\n<figure class=\"wp-block-image\"><img fetchpriority=\"high\" decoding=\"async\" width=\"960\" height=\"613\" src=\"http:\/\/www.caririemacao.com\/1\/wp-content\/uploads\/2019\/01\/50014551_730289540704313_5873414940315877376_n.jpg\" alt=\"\" class=\"wp-image-81486\" srcset=\"https:\/\/www.caririemacao.com\/1\/wp-content\/uploads\/2019\/01\/50014551_730289540704313_5873414940315877376_n.jpg 960w, https:\/\/www.caririemacao.com\/1\/wp-content\/uploads\/2019\/01\/50014551_730289540704313_5873414940315877376_n-300x192.jpg 300w, https:\/\/www.caririemacao.com\/1\/wp-content\/uploads\/2019\/01\/50014551_730289540704313_5873414940315877376_n-768x490.jpg 768w\" sizes=\"(max-width: 960px) 100vw, 960px\" \/><\/figure>\n\n\n\n<p>Segundo a organiza\u00e7\u00e3o, a expectativa \u00e9 que um grande p\u00fablico participe dos dois dias de evento, tendo in\u00edcio nesta sexta-feira, dia 18.<\/p>\n\n\n\n<p>Para come\u00e7ar a\nprograma\u00e7\u00e3o, se apresentam no palco as bandas Forr\u00f3 Gente Boa, Cavalo de Pau e\nGuilherme Topado. <\/p>\n\n\n\n<p>J\u00e1 no s\u00e1bado (19),\ncantam Karkar\u00e1, Bastista Lima e Alisson Levado.<\/p>\n","protected":false},"excerpt":{"rendered":"<p>A Prefeitura de Amparo est\u00e1 nos preparativos finais para iniciar mais uma edi\u00e7\u00e3o da tradicional Festa de Janeiro, promovida durante as comemora\u00e7\u00f5es da programa\u00e7\u00e3o do&hellip; <\/p>\n","protected":false},"author":1,"featured_media":81484,"comment_status":"closed","ping_status":"closed","sticky":false,"template":"","format":"standard","meta":{"sfsi_plus_gutenberg_text_before_share":"","sfsi_plus_gutenberg_show_text_before_share":"","sfsi_plus_gutenberg_icon_type":"","sfsi_plus_gutenberg_icon_alignemt":"","sfsi_plus_gutenburg_max_per_row":"","footnotes":""},"categories":[2],"tags":[],"class_list":["post-81483","post","type-post","status-publish","format-standard","has-post-thumbnail","hentry","category-geral"],"_links":{"self":[{"href":"https:\/\/www.caririemacao.com\/1\/wp-json\/wp\/v2\/posts\/81483","targetHints":{"allow":["GET"]}}],"collection":[{"href":"https:\/\/www.caririemacao.com\/1\/wp-json\/wp\/v2\/posts"}],"about":[{"href":"https:\/\/www.caririemacao.com\/1\/wp-json\/wp\/v2\/types\/post"}],"author":[{"embeddable":true,"href":"https:\/\/www.caririemacao.com\/1\/wp-json\/wp\/v2\/users\/1"}],"replies":[{"embeddable":true,"href":"https:\/\/www.caririemacao.com\/1\/wp-json\/wp\/v2\/comments?post=81483"}],"version-history":[{"count":2,"href":"https:\/\/www.caririemacao.com\/1\/wp-json\/wp\/v2\/posts\/81483\/revisions"}],"predecessor-version":[{"id":81488,"href":"https:\/\/www.caririemacao.com\/1\/wp-json\/wp\/v2\/posts\/81483\/revisions\/81488"}],"wp:featuredmedia":[{"embeddable":true,"href":"https:\/\/www.caririemacao.com\/1\/wp-json\/wp\/v2\/media\/81484"}],"wp:attachment":[{"href":"https:\/\/www.caririemacao.com\/1\/wp-json\/wp\/v2\/media?parent=81483"}],"wp:term":[{"taxonomy":"category","embeddable":true,"href":"https:\/\/www.caririemacao.com\/1\/wp-json\/wp\/v2\/categories?post=81483"},{"taxonomy":"post_tag","embeddable":true,"href":"https:\/\/www.caririemacao.com\/1\/wp-json\/wp\/v2\/tags?post=81483"}],"curies":[{"name":"wp","href":"https:\/\/api.w.org\/{rel}","templated":true}]}}