{"id":81495,"date":"2019-01-18T10:01:52","date_gmt":"2019-01-18T13:01:52","guid":{"rendered":"http:\/\/www.caririemacao.com\/1\/?p=81495"},"modified":"2019-01-18T10:01:56","modified_gmt":"2019-01-18T13:01:56","slug":"secretaria-de-educacao-de-amparo-divulgou-o-calendario-para-as-matriculas-no-ano-de-2019","status":"publish","type":"post","link":"https:\/\/www.caririemacao.com\/1\/2019\/01\/18\/secretaria-de-educacao-de-amparo-divulgou-o-calendario-para-as-matriculas-no-ano-de-2019\/","title":{"rendered":"Secretaria de Educa\u00e7\u00e3o de Amparo divulgou o calend\u00e1rio para as Matriculas no ano de 2019"},"content":{"rendered":"\n<p> A Secretaria Municipal de Educa\u00e7\u00e3o de Amparo divulgou nesta quarta-feira (16) o calend\u00e1rio de matr\u00edculas, transfer\u00eancias e inscri\u00e7\u00f5es de alunos nas unidades escolares da Rede Municipal de Ensino para o ano letivo de 2019, que ocorre a partir da pr\u00f3xima ter\u00e7a-feira (22), at\u00e9 02 de Fevereiro.<\/p>\n\n\n\n<p>Confira a programa\u00e7\u00e3o:<\/p>\n\n\n\n<p><strong>Datas:<\/strong>\u00a0De 22 de Janeiro \u00e0 01 de Fevereiro<br><strong>Matriculas nas Turmas de:<\/strong>Educa\u00e7\u00e3o Infantil;Ensino Fundamental I e II;EJA Fundamental II (6\u00ba e 7\u00ba ano).<br><strong>Local:<\/strong>Col\u00e9gio Ildefonso Anselmo da Silva;Escola Juvenal Ferreira de Brito.<strong><br>Hor\u00e1rio:<\/strong>Manh\u00e3 \u2013 das 8h00min \u00e0s 11h00min;Tarde \u2013 das 14h00min \u00e0s 17h00min.<\/p>\n\n\n\n<p><br><em>Amparo Ligado<\/em><\/p>\n","protected":false},"excerpt":{"rendered":"<p>A Secretaria Municipal de Educa\u00e7\u00e3o de Amparo divulgou nesta quarta-feira (16) o calend\u00e1rio de matr\u00edculas, transfer\u00eancias e inscri\u00e7\u00f5es de alunos nas unidades escolares da Rede&hellip; <\/p>\n","protected":false},"author":1,"featured_media":44147,"comment_status":"closed","ping_status":"closed","sticky":false,"template":"","format":"standard","meta":{"sfsi_plus_gutenberg_text_before_share":"","sfsi_plus_gutenberg_show_text_before_share":"","sfsi_plus_gutenberg_icon_type":"","sfsi_plus_gutenberg_icon_alignemt":"","sfsi_plus_gutenburg_max_per_row":"","footnotes":""},"categories":[1],"tags":[],"class_list":["post-81495","post","type-post","status-publish","format-standard","has-post-thumbnail","hentry","category-o-site"],"_links":{"self":[{"href":"https:\/\/www.caririemacao.com\/1\/wp-json\/wp\/v2\/posts\/81495","targetHints":{"allow":["GET"]}}],"collection":[{"href":"https:\/\/www.caririemacao.com\/1\/wp-json\/wp\/v2\/posts"}],"about":[{"href":"https:\/\/www.caririemacao.com\/1\/wp-json\/wp\/v2\/types\/post"}],"author":[{"embeddable":true,"href":"https:\/\/www.caririemacao.com\/1\/wp-json\/wp\/v2\/users\/1"}],"replies":[{"embeddable":true,"href":"https:\/\/www.caririemacao.com\/1\/wp-json\/wp\/v2\/comments?post=81495"}],"version-history":[{"count":1,"href":"https:\/\/www.caririemacao.com\/1\/wp-json\/wp\/v2\/posts\/81495\/revisions"}],"predecessor-version":[{"id":81521,"href":"https:\/\/www.caririemacao.com\/1\/wp-json\/wp\/v2\/posts\/81495\/revisions\/81521"}],"wp:featuredmedia":[{"embeddable":true,"href":"https:\/\/www.caririemacao.com\/1\/wp-json\/wp\/v2\/media\/44147"}],"wp:attachment":[{"href":"https:\/\/www.caririemacao.com\/1\/wp-json\/wp\/v2\/media?parent=81495"}],"wp:term":[{"taxonomy":"category","embeddable":true,"href":"https:\/\/www.caririemacao.com\/1\/wp-json\/wp\/v2\/categories?post=81495"},{"taxonomy":"post_tag","embeddable":true,"href":"https:\/\/www.caririemacao.com\/1\/wp-json\/wp\/v2\/tags?post=81495"}],"curies":[{"name":"wp","href":"https:\/\/api.w.org\/{rel}","templated":true}]}}