{"id":81497,"date":"2019-01-18T09:20:18","date_gmt":"2019-01-18T12:20:18","guid":{"rendered":"http:\/\/www.caririemacao.com\/1\/?p=81497"},"modified":"2019-01-18T09:20:20","modified_gmt":"2019-01-18T12:20:20","slug":"notas-do-enem-ja-estao-disponiveis-para-consulta-em-site-do-inep","status":"publish","type":"post","link":"https:\/\/www.caririemacao.com\/1\/2019\/01\/18\/notas-do-enem-ja-estao-disponiveis-para-consulta-em-site-do-inep\/","title":{"rendered":"Notas do Enem j\u00e1 est\u00e3o dispon\u00edveis para consulta em site do Inep"},"content":{"rendered":"\n<p>S\u00c3O PAULO, SP (FOLHAPRESS) \u2013 Apesar da previs\u00e3o do Inep&nbsp;para divulga\u00e7\u00e3o dos resultados oficiais do&nbsp;Exame Nacional do Ensino M\u00e9dio (Enem) a partir das 10h desta sexta-feira (18), participantes j\u00e1 come\u00e7aram a ter acesso \u00e0s notas por volta das 8h30. Nas redes sociais, como o Twitter, a prova j\u00e1 est\u00e1 entre os assuntos mais comentados no Brasil.<\/p>\n\n\n\n<p>Segundo o \u00f3rg\u00e3o, a libera\u00e7\u00e3o de acesso foi antecipada para que o setor de TI pudesse fazer ajustes e testes devido a previs\u00e3o de grande acesso. A estabilidade total do sistema, por\u00e9m, s\u00f3 ser\u00e1 garantida a partir das 10h.<\/p>\n\n\n\n<p>Os resultados podem ser acessados atrav\u00e9s da P\u00e1gina do Participante. Para fazer a consulta, o candidato deve fornecer CPF e senha.<\/p>\n\n\n\n<p>As provas de 2018 trouxeram quest\u00f5es sobre feminismo e ditadura, enquanto a reda\u00e7\u00e3o tratou de manipula\u00e7\u00e3o do comportamento do usu\u00e1rio pelo controle de dados na internet. Uma das principais apostas era de que ele poderia tratar sobre fake&nbsp;news.<\/p>\n\n\n\n<p>Segundo o Inep (Instituto Nacional de Estudos e Pesquisas Educacionais An\u00edsio Teixeira), respons\u00e1vel pelo exame, a&nbsp;edi\u00e7\u00e3o teve 6.774.891 inscritos. No&nbsp;primeiro dia de provas, 4 de novembro, 25%&nbsp;dos candidatos faltaram&nbsp;-o menor \u00edndice hist\u00f3rico. J\u00e1 no dia 11, segundo dia de provas, foi registrada taxa de 29,2% de absten\u00e7\u00e3o.<\/p>\n\n\n\n<p>De 22 a 25 de janeiro, os candidatos poder\u00e3o utilizar a nota para se inscreverem no&nbsp;Sisu&nbsp;(Sistema de Sele\u00e7\u00e3o Unificada), que oferece vagas nas institui\u00e7\u00f5es p\u00fablicas de ensino superior, como universidades estaduais e federais. O resultado ser\u00e1 divulgado dia 28, e o candidato ter\u00e1 do dia 30 ao dia 4 de fevereiro para realizar a matr\u00edcula nas institui\u00e7\u00f5es. Quem n\u00e3o for selecionado na primeira chamada poder\u00e1 se inscrever para a lista de espera do dia 28 ao dia 4.<\/p>\n\n\n\n<p>J\u00e1 o&nbsp;Prouni&nbsp;(Programa Universidade para Todos), que permite estudar com bolsas de at\u00e9 100% em institui\u00e7\u00f5es privadas do pa\u00eds, receber\u00e1 inscri\u00e7\u00f5es do dia 29 de janeiro a 1\u00ba de fevereiro. A primeira chamada ser\u00e1 divulgada no dia 4 de fevereiro e a segunda, no dia 18. Caso n\u00e3o seja selecionado nas duas chamadas, o candidato pode se inscrever na lista de espera entre os dias 7 e 8 de mar\u00e7o.<\/p>\n\n\n\n<p>Podem participar do&nbsp;Prouni&nbsp;candidatos que n\u00e3o tenham diploma de ensino superior e que atendam a pelo menos uma das condi\u00e7\u00f5es: ter cursado o ensino m\u00e9dio&nbsp;completo&nbsp;em escola p\u00fablica ou em institui\u00e7\u00e3o privada com bolsa, ser pessoa com defici\u00eancia ou ser professor da rede p\u00fablica.<\/p>\n\n\n\n<p>O estudante tamb\u00e9m poder\u00e1 se candidatar ao Fies (Fundo de Financiamento Estudantil) entre os dias 5 e 12 de fevereiro. Os resultados ser\u00e3o divulgados a partir do dia 18 de fevereiro e a lista de espera estar\u00e1 aberta do dia 20 de fevereiro a 31 de mar\u00e7o. O Fies permite ao estudante financiar as mensalidades do seu curso em institui\u00e7\u00f5es privadas.<\/p>\n\n\n\n<p>Para\u00edba Online<\/p>\n","protected":false},"excerpt":{"rendered":"<p>S\u00c3O PAULO, SP (FOLHAPRESS) \u2013 Apesar da previs\u00e3o do Inep&nbsp;para divulga\u00e7\u00e3o dos resultados oficiais do&nbsp;Exame Nacional do Ensino M\u00e9dio (Enem) a partir das 10h desta&hellip; <\/p>\n","protected":false},"author":1,"featured_media":81419,"comment_status":"closed","ping_status":"closed","sticky":false,"template":"","format":"standard","meta":{"sfsi_plus_gutenberg_text_before_share":"","sfsi_plus_gutenberg_show_text_before_share":"","sfsi_plus_gutenberg_icon_type":"","sfsi_plus_gutenberg_icon_alignemt":"","sfsi_plus_gutenburg_max_per_row":"","footnotes":""},"categories":[50,14],"tags":[],"class_list":["post-81497","post","type-post","status-publish","format-standard","has-post-thumbnail","hentry","category-destaque","category-educacao"],"_links":{"self":[{"href":"https:\/\/www.caririemacao.com\/1\/wp-json\/wp\/v2\/posts\/81497","targetHints":{"allow":["GET"]}}],"collection":[{"href":"https:\/\/www.caririemacao.com\/1\/wp-json\/wp\/v2\/posts"}],"about":[{"href":"https:\/\/www.caririemacao.com\/1\/wp-json\/wp\/v2\/types\/post"}],"author":[{"embeddable":true,"href":"https:\/\/www.caririemacao.com\/1\/wp-json\/wp\/v2\/users\/1"}],"replies":[{"embeddable":true,"href":"https:\/\/www.caririemacao.com\/1\/wp-json\/wp\/v2\/comments?post=81497"}],"version-history":[{"count":1,"href":"https:\/\/www.caririemacao.com\/1\/wp-json\/wp\/v2\/posts\/81497\/revisions"}],"predecessor-version":[{"id":81498,"href":"https:\/\/www.caririemacao.com\/1\/wp-json\/wp\/v2\/posts\/81497\/revisions\/81498"}],"wp:featuredmedia":[{"embeddable":true,"href":"https:\/\/www.caririemacao.com\/1\/wp-json\/wp\/v2\/media\/81419"}],"wp:attachment":[{"href":"https:\/\/www.caririemacao.com\/1\/wp-json\/wp\/v2\/media?parent=81497"}],"wp:term":[{"taxonomy":"category","embeddable":true,"href":"https:\/\/www.caririemacao.com\/1\/wp-json\/wp\/v2\/categories?post=81497"},{"taxonomy":"post_tag","embeddable":true,"href":"https:\/\/www.caririemacao.com\/1\/wp-json\/wp\/v2\/tags?post=81497"}],"curies":[{"name":"wp","href":"https:\/\/api.w.org\/{rel}","templated":true}]}}