{"id":81506,"date":"2019-01-18T09:39:45","date_gmt":"2019-01-18T12:39:45","guid":{"rendered":"http:\/\/www.caririemacao.com\/1\/?p=81506"},"modified":"2019-01-18T09:39:49","modified_gmt":"2019-01-18T12:39:49","slug":"governador-muda-direcao-do-pb1-quatro-meses-apos-fuga-em-massa","status":"publish","type":"post","link":"https:\/\/www.caririemacao.com\/1\/2019\/01\/18\/governador-muda-direcao-do-pb1-quatro-meses-apos-fuga-em-massa\/","title":{"rendered":"Governador muda dire\u00e7\u00e3o do PB1 quatro meses ap\u00f3s fuga em massa"},"content":{"rendered":"\n<p>O governador da Para\u00edba, Jo\u00e3o Azev\u00eado (PSB), exonerou o diretor da Penitenci\u00e1ria de Seguran\u00e7a M\u00e1xima Romeu Gon\u00e7alves de Abrantes, o PB1, em Jo\u00e3o Pessoa, em publica\u00e7\u00e3o no Di\u00e1rio Oficial do Estado (DOE) desta sexta-feira (18). Leandro Batista da Silva havia assumido o comando do PB1 em maio de 2018. Para dirigir o PB1, o governador nomeou Leonardo Rodrigo Novaes Santana.<\/p>\n\n\n\n<p>A mudan\u00e7a na dire\u00e7\u00e3o acontece mais de quatro meses depois do&nbsp;<a href=\"https:\/\/g1.globo.com\/pb\/paraiba\/noticia\/2018\/09\/10\/detentos-fogem-de-presidio-de-seguranca-maxima-em-joao-pessoa.ghtml\">ataque ao pres\u00eddio, que provocou a fuga de 92 detentos<\/a>. De acordo com informa\u00e7\u00f5es da Secretaria de Administra\u00e7\u00e3o Penitenci\u00e1ria, j\u00e1 foram recapturados 61 detentos que participaram da fuga do PB1 no m\u00eas de setembro.<\/p>\n\n\n\n<p>Al\u00e9m da mudan\u00e7a no PB1, tamb\u00e9m houve troca de comando na Penitenci\u00e1ria de Campina Grande Jurista Agnelo Amorim Filho, conhecida como Pres\u00eddio do Monte Santo. O ent\u00e3o diretor Anselmo Vasconselos Costa foi exonerado e assume o cargo \u00e9 o ex-diretor do PB1, Leandro Batista da Silva.<\/p>\n\n\n\n<p>Os diretores adjuntos do Pres\u00eddio do Monte Santo, Adesio Fernandes Louren\u00e7o e Tercio Lunardo Macedo tamb\u00e9m foram exonerados. Para substitui\u00e7\u00e3o do cargo, o Governo da Para\u00edba nomeou Kassio Augusto de Ara\u00fajo e Kleber Ara\u00fajo Costa.<\/p>\n\n\n\n<p>Tamb\u00e9m foram exonerados Alessandro Lima da Silva, diretor adjunto da Penitenci\u00e1ria de Seguran\u00e7a M\u00e1xima Criminalista Geraldo Beltr\u00e3o, em Jo\u00e3o Pessoa, e Jardson Amorim de Souza, diretor adjunto da Penitenci\u00e1ria Padr\u00e3o Regional de Cajazeiras. Assumem os cargos, respectivamente, Lindeberg Leonardo Moura Carna\u00faba e Alessandro Lima da Silva.<\/p>\n\n\n\n<p>G1<\/p>\n","protected":false},"excerpt":{"rendered":"<p>O governador da Para\u00edba, Jo\u00e3o Azev\u00eado (PSB), exonerou o diretor da Penitenci\u00e1ria de Seguran\u00e7a M\u00e1xima Romeu Gon\u00e7alves de Abrantes, o PB1, em Jo\u00e3o Pessoa, em&hellip; <\/p>\n","protected":false},"author":1,"featured_media":12247,"comment_status":"closed","ping_status":"closed","sticky":false,"template":"","format":"standard","meta":{"sfsi_plus_gutenberg_text_before_share":"","sfsi_plus_gutenberg_show_text_before_share":"","sfsi_plus_gutenberg_icon_type":"","sfsi_plus_gutenberg_icon_alignemt":"","sfsi_plus_gutenburg_max_per_row":"","footnotes":""},"categories":[11],"tags":[],"class_list":["post-81506","post","type-post","status-publish","format-standard","has-post-thumbnail","hentry","category-politica"],"_links":{"self":[{"href":"https:\/\/www.caririemacao.com\/1\/wp-json\/wp\/v2\/posts\/81506","targetHints":{"allow":["GET"]}}],"collection":[{"href":"https:\/\/www.caririemacao.com\/1\/wp-json\/wp\/v2\/posts"}],"about":[{"href":"https:\/\/www.caririemacao.com\/1\/wp-json\/wp\/v2\/types\/post"}],"author":[{"embeddable":true,"href":"https:\/\/www.caririemacao.com\/1\/wp-json\/wp\/v2\/users\/1"}],"replies":[{"embeddable":true,"href":"https:\/\/www.caririemacao.com\/1\/wp-json\/wp\/v2\/comments?post=81506"}],"version-history":[{"count":1,"href":"https:\/\/www.caririemacao.com\/1\/wp-json\/wp\/v2\/posts\/81506\/revisions"}],"predecessor-version":[{"id":81507,"href":"https:\/\/www.caririemacao.com\/1\/wp-json\/wp\/v2\/posts\/81506\/revisions\/81507"}],"wp:featuredmedia":[{"embeddable":true,"href":"https:\/\/www.caririemacao.com\/1\/wp-json\/wp\/v2\/media\/12247"}],"wp:attachment":[{"href":"https:\/\/www.caririemacao.com\/1\/wp-json\/wp\/v2\/media?parent=81506"}],"wp:term":[{"taxonomy":"category","embeddable":true,"href":"https:\/\/www.caririemacao.com\/1\/wp-json\/wp\/v2\/categories?post=81506"},{"taxonomy":"post_tag","embeddable":true,"href":"https:\/\/www.caririemacao.com\/1\/wp-json\/wp\/v2\/tags?post=81506"}],"curies":[{"name":"wp","href":"https:\/\/api.w.org\/{rel}","templated":true}]}}